{"id":216387,"date":"2022-06-29T14:40:40","date_gmt":"2022-06-29T18:40:40","guid":{"rendered":"https:\/\/elluchador.info\/web\/?p=216387"},"modified":"2022-06-29T14:40:40","modified_gmt":"2022-06-29T18:40:40","slug":"frente-francisco-de-miranda-celebra-semana-aniversaria","status":"publish","type":"post","link":"https:\/\/elluchador.info\/?p=216387","title":{"rendered":"Frente Francisco de Miranda celebra semana aniversaria"},"content":{"rendered":"<p>Hace 19 a\u00f1os, Hugo Ch\u00e1vez cre\u00f3 el Frente Francisco de Miranda como un brazo ejecutor de las pol\u00edticas del gobierno nacional. Hoy, en plena celebraci\u00f3n de la semana aniversaria, el coordinador del FFM en el estado Bol\u00edvar, F\u00e9lix Campos, comenta \u201cseguimos desplegados en cada municipio, fuimos creados con la idea de llegar a las catacumbas, vencer la pobreza y la desidia en la que estuvo sumida una gran parte del pueblo venezolano, para seguir reivindic\u00e1ndolo, transformar realidades a trav\u00e9s de las misiones y grandes misiones\u201d.<\/p>\n<p>Dijo que durante la semana aniversaria cumplieron una agenda de actividades que, entre otras cosas efectu\u00f3 un encuentro del Frente con el n\u00facleo de base comunitario de La Sabanita \u201ccon los semillero de la patria y organizaciones sociales, en un compartir, en una jornada de saberes\u201d.<\/p>\n<p>Adem\u00e1s asegur\u00f3 que el FFM sigue desplegado con asambleas en Cede\u00f1o, en El Callao y en Caron\u00ed, durante hoy jueves con \u201cjornadas del 1 por 10 para el buen gobierno\u201d; viernes y s\u00e1bado, \u201cdonde haremos jornadas de siembra, para impulsar adem\u00e1s la eco recreaci\u00f3n\u201d.<\/p>\n<p>Sobre los proyectos que est\u00e1n en agenda pr\u00f3xima, el vocero del FFM en el estado, asegur\u00f3, \u201ctrabajamos en la ruta de la victoria del 2024, cuando el presidente Nicol\u00e1s Maduro sea ratificado como l\u00edder (&#8230;) tambi\u00e9n estamos trabajando porque haya una renovaci\u00f3n de la vocer\u00eda de los consejos comunales, en la construcci\u00f3n permanente de la patria que ha resistido<br \/>\ntantas luchas, estamos renaciendo, es hora de revolucionar los espacios\u201d, dijo Campos.<\/p>\n<p>Coment\u00f3 que, como organizaci\u00f3n, est\u00e1n exigidos moralmente a apoyarse entre miembros, \u201cprocuramos el respaldo permanente a nuestros compa\u00f1eros para que logren consolidar sus emprendimientos, como m\u00e9todos de econom\u00eda produtiva, para afianzar el modelo socialista\u201d, exhort\u00f3 Campos.<\/p>\n<p><strong>Marilyn Luis<\/strong><\/p>\n","protected":false},"excerpt":{"rendered":"<p>Hace 19 a\u00f1os, Hugo Ch\u00e1vez cre\u00f3 el Frente Francisco de Miranda como un brazo ejecutor de las pol\u00edticas del gobierno nacional. Hoy, en plena celebraci\u00f3n de la semana aniversaria, el coordinador del FFM en el estado Bol\u00edvar, F\u00e9lix Campos, comenta \u201cseguimos desplegados en cada municipio, fuimos creados con la idea de llegar a las catacumbas, [&hellip;]<\/p>\n","protected":false},"author":19,"featured_media":216389,"comment_status":"closed","ping_status":"closed","sticky":false,"template":"","format":"standard","meta":{"footnotes":""},"categories":[12],"tags":[],"class_list":{"0":"post-216387","1":"post","2":"type-post","3":"status-publish","4":"format-standard","5":"has-post-thumbnail","7":"category-regionales"},"_links":{"self":[{"href":"https:\/\/elluchador.info\/index.php?rest_route=\/wp\/v2\/posts\/216387","targetHints":{"allow":["GET"]}}],"collection":[{"href":"https:\/\/elluchador.info\/index.php?rest_route=\/wp\/v2\/posts"}],"about":[{"href":"https:\/\/elluchador.info\/index.php?rest_route=\/wp\/v2\/types\/post"}],"author":[{"embeddable":true,"href":"https:\/\/elluchador.info\/index.php?rest_route=\/wp\/v2\/users\/19"}],"replies":[{"embeddable":true,"href":"https:\/\/elluchador.info\/index.php?rest_route=%2Fwp%2Fv2%2Fcomments&post=216387"}],"version-history":[{"count":1,"href":"https:\/\/elluchador.info\/index.php?rest_route=\/wp\/v2\/posts\/216387\/revisions"}],"predecessor-version":[{"id":216390,"href":"https:\/\/elluchador.info\/index.php?rest_route=\/wp\/v2\/posts\/216387\/revisions\/216390"}],"wp:featuredmedia":[{"embeddable":true,"href":"https:\/\/elluchador.info\/index.php?rest_route=\/wp\/v2\/media\/216389"}],"wp:attachment":[{"href":"https:\/\/elluchador.info\/index.php?rest_route=%2Fwp%2Fv2%2Fmedia&parent=216387"}],"wp:term":[{"taxonomy":"category","embeddable":true,"href":"https:\/\/elluchador.info\/index.php?rest_route=%2Fwp%2Fv2%2Fcategories&post=216387"},{"taxonomy":"post_tag","embeddable":true,"href":"https:\/\/elluchador.info\/index.php?rest_route=%2Fwp%2Fv2%2Ftags&post=216387"}],"curies":[{"name":"wp","href":"https:\/\/api.w.org\/{rel}","templated":true}]}}