{"id":216391,"date":"2022-06-29T14:50:33","date_gmt":"2022-06-29T18:50:33","guid":{"rendered":"https:\/\/elluchador.info\/web\/?p=216391"},"modified":"2022-06-29T14:50:33","modified_gmt":"2022-06-29T18:50:33","slug":"tumeremo-conmemoro-201-anos-de-la-batalla-de-carabobo-y-dia-del-ejercito-bolivariano","status":"publish","type":"post","link":"https:\/\/elluchador.info\/?p=216391","title":{"rendered":"Tumeremo conmemor\u00f3 201 a\u00f1os de la Batalla de Carabobo y D\u00eda del Ej\u00e9rcito Bolivariano*"},"content":{"rendered":"<p>A las 10:00 de la ma\u00f1ana del viernes 24 de junio, inici\u00f3 el acto c\u00edvico-militar en la Plaza Bol\u00edvar de Tumeremo, con el objetivo de conmemorar los 201 a\u00f1os de la Batalla de Carabobo y D\u00eda del Ej\u00e9rcito Bolivariano, contando con la presencia de las autoridades civiles, militares y policiales con asiento en el municipio Sifontes.<\/p>\n<p>Luego de los honores correspondientes, tuvo lugar el parte y solicitud de permiso para iniciar el acto por el capit\u00e1n (ENB) Andr\u00e9s Manuel Baran Y\u00eapez, comandante de la agrupaci\u00f3n de parada, integrada por efectivos del Ej\u00e9rcito, GNB y PNB.<\/p>\n<p>El Alcalde Juan Vicente Rojas encabez\u00f3 la hist\u00f3rica actividad cargada de calor patri\u00f3tico y el Tcnel. Edixson Gonz\u00e1lez Machado, comandante del Destacamento # 624 de la GNB fue<\/p>\n<p><img loading=\"lazy\" decoding=\"async\" class=\"size-medium wp-image-216394 alignright\" src=\"https:\/\/elluchador.info\/web\/wp-content\/uploads\/2022\/06\/PHOTO-2022-06-26-10-09-34-300x217.jpg\" alt=\"\" width=\"300\" height=\"217\" srcset=\"https:\/\/elluchador.info\/wp-content\/uploads\/2022\/06\/PHOTO-2022-06-26-10-09-34-300x217.jpg 300w, https:\/\/elluchador.info\/wp-content\/uploads\/2022\/06\/PHOTO-2022-06-26-10-09-34-768x556.jpg 768w, https:\/\/elluchador.info\/wp-content\/uploads\/2022\/06\/PHOTO-2022-06-26-10-09-34-580x420.jpg 580w, https:\/\/elluchador.info\/wp-content\/uploads\/2022\/06\/PHOTO-2022-06-26-10-09-34-640x463.jpg 640w, https:\/\/elluchador.info\/wp-content\/uploads\/2022\/06\/PHOTO-2022-06-26-10-09-34-681x493.jpg 681w, https:\/\/elluchador.info\/wp-content\/uploads\/2022\/06\/PHOTO-2022-06-26-10-09-34.jpg 1000w\" sizes=\"auto, (max-width: 300px) 100vw, 300px\" \/>la autoridad militar\u00a0que presidi\u00f3 el acto. Les acompa\u00f1aron otras autoridades civiles, militares y policiales, estudiantes, educadores, voceros comunales, misiones y el pueblo en general.<\/p>\n<p>La lectura de la palabra de Dios estuvo a cargo de Delio Machado, presidente de la Confraternidad de Pastores del municipio. Seguidamente, el burgomaestre Rojas dio la bienvenida y agradeci\u00f3 la presencia de toda la representaci\u00f3n institucional, ni\u00f1os, educadores y ciudadan\u00eda. La ofrenda floral ante la estatua pedestre del Libertador estuvo a cargo del Alcalde Rojas, autoridades militares y policiales, voceros del poder popular y dirigentes del PSUV.<\/p>\n<p>Las palabras alusivas al acto estuvieron a cargo del mayor (ENB) Ronald Oswaldo Contreras Herrera, segundo comandante del 512 Batall\u00f3n de Infanter\u00eda de Selva \u00bb G\/D Tom\u00e1s de Heres\u00bb del componente Ej\u00e9rcito. Contreras inici\u00f3 su disertaci\u00f3n asegurando que la Batalla de Carabobo \u00abfue una victori<img loading=\"lazy\" decoding=\"async\" class=\"size-medium wp-image-216393 alignleft\" src=\"https:\/\/elluchador.info\/web\/wp-content\/uploads\/2022\/06\/PHOTO-2022-06-26-10-10-21-300x236.jpg\" alt=\"\" width=\"300\" height=\"236\" srcset=\"https:\/\/elluchador.info\/wp-content\/uploads\/2022\/06\/PHOTO-2022-06-26-10-10-21-300x236.jpg 300w, https:\/\/elluchador.info\/wp-content\/uploads\/2022\/06\/PHOTO-2022-06-26-10-10-21-768x603.jpg 768w, https:\/\/elluchador.info\/wp-content\/uploads\/2022\/06\/PHOTO-2022-06-26-10-10-21-535x420.jpg 535w, https:\/\/elluchador.info\/wp-content\/uploads\/2022\/06\/PHOTO-2022-06-26-10-10-21-511x400.jpg 511w, https:\/\/elluchador.info\/wp-content\/uploads\/2022\/06\/PHOTO-2022-06-26-10-10-21-640x503.jpg 640w, https:\/\/elluchador.info\/wp-content\/uploads\/2022\/06\/PHOTO-2022-06-26-10-10-21-681x535.jpg 681w, https:\/\/elluchador.info\/wp-content\/uploads\/2022\/06\/PHOTO-2022-06-26-10-10-21.jpg 960w\" sizes=\"auto, (max-width: 300px) 100vw, 300px\" \/>a construida con destreza militar que vino a consolidar la independencia de Venezuela\u00bb, luego de un proceso que hab\u00eda iniciado en 1810. Continu\u00f3 recordando aquella gesta heroica donde perdi\u00f3 la vida el Negro Primero y Sim\u00f3n Bol\u00edvar ascendi\u00f3 a Jos\u00e9 Antonio P\u00e1ez a general en jefe del Ej\u00e9rcito patriota.<\/p>\n<p>Para cerrar con broche de oro la jornada, un numeroso contingente de dos agrupaciones culturales (Danzas Cambr\u00e9 y la Iglesia cristiana Ciudad de Dios) presentaron dos bailes para el disfrute de todos los presentes, recordando los aportes culturales de nuestro pueblo, contando con el valioso trabajo de la coordinaci\u00f3n de cultura de la gobernaci\u00f3n, a cargo de Claret Torrealba y de la direcci\u00f3n de cultura de la Alcald\u00eda, a cargo de Ramona Devera.<\/p>\n<p><strong>An\u00edbal Eduardo Sandoval\u00a0<\/strong><\/p>\n","protected":false},"excerpt":{"rendered":"<p>A las 10:00 de la ma\u00f1ana del viernes 24 de junio, inici\u00f3 el acto c\u00edvico-militar en la Plaza Bol\u00edvar de Tumeremo, con el objetivo de conmemorar los 201 a\u00f1os de la Batalla de Carabobo y D\u00eda del Ej\u00e9rcito Bolivariano, contando con la presencia de las autoridades civiles, militares y policiales con asiento en el municipio [&hellip;]<\/p>\n","protected":false},"author":19,"featured_media":216392,"comment_status":"closed","ping_status":"closed","sticky":false,"template":"","format":"standard","meta":{"footnotes":""},"categories":[12],"tags":[],"class_list":{"0":"post-216391","1":"post","2":"type-post","3":"status-publish","4":"format-standard","5":"has-post-thumbnail","7":"category-regionales"},"_links":{"self":[{"href":"https:\/\/elluchador.info\/index.php?rest_route=\/wp\/v2\/posts\/216391","targetHints":{"allow":["GET"]}}],"collection":[{"href":"https:\/\/elluchador.info\/index.php?rest_route=\/wp\/v2\/posts"}],"about":[{"href":"https:\/\/elluchador.info\/index.php?rest_route=\/wp\/v2\/types\/post"}],"author":[{"embeddable":true,"href":"https:\/\/elluchador.info\/index.php?rest_route=\/wp\/v2\/users\/19"}],"replies":[{"embeddable":true,"href":"https:\/\/elluchador.info\/index.php?rest_route=%2Fwp%2Fv2%2Fcomments&post=216391"}],"version-history":[{"count":1,"href":"https:\/\/elluchador.info\/index.php?rest_route=\/wp\/v2\/posts\/216391\/revisions"}],"predecessor-version":[{"id":216395,"href":"https:\/\/elluchador.info\/index.php?rest_route=\/wp\/v2\/posts\/216391\/revisions\/216395"}],"wp:featuredmedia":[{"embeddable":true,"href":"https:\/\/elluchador.info\/index.php?rest_route=\/wp\/v2\/media\/216392"}],"wp:attachment":[{"href":"https:\/\/elluchador.info\/index.php?rest_route=%2Fwp%2Fv2%2Fmedia&parent=216391"}],"wp:term":[{"taxonomy":"category","embeddable":true,"href":"https:\/\/elluchador.info\/index.php?rest_route=%2Fwp%2Fv2%2Fcategories&post=216391"},{"taxonomy":"post_tag","embeddable":true,"href":"https:\/\/elluchador.info\/index.php?rest_route=%2Fwp%2Fv2%2Ftags&post=216391"}],"curies":[{"name":"wp","href":"https:\/\/api.w.org\/{rel}","templated":true}]}}