{"id":216396,"date":"2022-06-29T15:12:47","date_gmt":"2022-06-29T19:12:47","guid":{"rendered":"https:\/\/elluchador.info\/web\/?p=216396"},"modified":"2022-06-29T15:13:13","modified_gmt":"2022-06-29T19:13:13","slug":"profanan-la-tumba-de-la-negra-isidora","status":"publish","type":"post","link":"https:\/\/elluchador.info\/?p=216396","title":{"rendered":"Profanan la tumba de la \u00abNegra\u00bb Isidora"},"content":{"rendered":"<p>En horas de la tarde del martes se inform\u00f3 la profanaci\u00f3n de la tumba de la \u201cNegra\u201d Isidora Agnes en el cementerio municipal de El Callao; el abominable hecho habr\u00eda ocurrido en los pasados d\u00edas pero no fue sino hasta la fecha que fuera confirmado por autoridades municipales, como el alcalde Jes\u00fas Coromoto Lugo.<\/p>\n<p>\u201cVinimos a hacer una visita para mejorar su tumba, pero nos hemos conseguido que profanaron su tumba, rompieron parte del concreto y ata\u00fad en la zona del cr\u00e1neo\u201d, explic\u00f3 Lugo quien acot\u00f3 haber recibido informaci\u00f3n sobre la continua presencia de personas en varias tumbas del lugar.<\/p>\n<p>\u201cDaremos parte al ciudadano gobernador, Benito Irady y pueblo de El Callao para recuperar estos espacios, por todo lo que represent\u00f3 la Negra Isidora para nuestra poblaci\u00f3n\u201d; relat\u00f3 el alcalde quien adem\u00e1s apunt\u00f3 a presuntos \u201ctrabajos de hechicer\u00eda\u201d desarrollados por personas vinculadas a ese tipo de creencias.<\/p>\n<h2><strong>Autoridades municipales reportar\u00e1n la grave situaci\u00f3n<\/strong><\/h2>\n<p>En consultas con otras personas tambi\u00e9n se pudo conocer que la tumba de Isidora no ser\u00eda la \u00fanica que ha sido violentada, sino tambi\u00e9n un sinn\u00famero de sepulcros en su mayor\u00eda de personas quienes ya no reciben constantes visitas de familiares.<\/p>\n<p>La macabra noticia recorri\u00f3 las redes sociales locales en medio de la estupefacci\u00f3n de los habitantes de El Callao quienes no sal\u00edan de su asombro frente a este tipo de hechos. \u201cLos paleros y santeros se han dedicado a esto, a sacar parte de los cuerpos para sus trabajos\u201d, relat\u00f3 una fuente que por obvias razones pidi\u00f3 no ser identificada.<\/p>\n<p>Por otro lado, habitantes de la localidad solicitaron que se haga una recuperaci\u00f3n de los espacios del cementerio municipal, adem\u00e1s de garantizar la seguridad en el lugar.<\/p>\n<p><strong>Soy Nueva Prensa Digital Sur<\/strong><\/p>\n<p>&nbsp;<\/p>\n","protected":false},"excerpt":{"rendered":"<p>En horas de la tarde del martes se inform\u00f3 la profanaci\u00f3n de la tumba de la \u201cNegra\u201d Isidora Agnes en el cementerio municipal de El Callao; el abominable hecho habr\u00eda ocurrido en los pasados d\u00edas pero no fue sino hasta la fecha que fuera confirmado por autoridades municipales, como el alcalde Jes\u00fas Coromoto Lugo. \u201cVinimos [&hellip;]<\/p>\n","protected":false},"author":19,"featured_media":216397,"comment_status":"closed","ping_status":"closed","sticky":false,"template":"","format":"standard","meta":{"footnotes":""},"categories":[13],"tags":[],"class_list":{"0":"post-216396","1":"post","2":"type-post","3":"status-publish","4":"format-standard","5":"has-post-thumbnail","7":"category-sucesos"},"_links":{"self":[{"href":"https:\/\/elluchador.info\/index.php?rest_route=\/wp\/v2\/posts\/216396","targetHints":{"allow":["GET"]}}],"collection":[{"href":"https:\/\/elluchador.info\/index.php?rest_route=\/wp\/v2\/posts"}],"about":[{"href":"https:\/\/elluchador.info\/index.php?rest_route=\/wp\/v2\/types\/post"}],"author":[{"embeddable":true,"href":"https:\/\/elluchador.info\/index.php?rest_route=\/wp\/v2\/users\/19"}],"replies":[{"embeddable":true,"href":"https:\/\/elluchador.info\/index.php?rest_route=%2Fwp%2Fv2%2Fcomments&post=216396"}],"version-history":[{"count":2,"href":"https:\/\/elluchador.info\/index.php?rest_route=\/wp\/v2\/posts\/216396\/revisions"}],"predecessor-version":[{"id":216399,"href":"https:\/\/elluchador.info\/index.php?rest_route=\/wp\/v2\/posts\/216396\/revisions\/216399"}],"wp:featuredmedia":[{"embeddable":true,"href":"https:\/\/elluchador.info\/index.php?rest_route=\/wp\/v2\/media\/216397"}],"wp:attachment":[{"href":"https:\/\/elluchador.info\/index.php?rest_route=%2Fwp%2Fv2%2Fmedia&parent=216396"}],"wp:term":[{"taxonomy":"category","embeddable":true,"href":"https:\/\/elluchador.info\/index.php?rest_route=%2Fwp%2Fv2%2Fcategories&post=216396"},{"taxonomy":"post_tag","embeddable":true,"href":"https:\/\/elluchador.info\/index.php?rest_route=%2Fwp%2Fv2%2Ftags&post=216396"}],"curies":[{"name":"wp","href":"https:\/\/api.w.org\/{rel}","templated":true}]}}