{"id":216422,"date":"2022-06-29T18:35:43","date_gmt":"2022-06-29T22:35:43","guid":{"rendered":"https:\/\/elluchador.info\/web\/?p=216422"},"modified":"2022-06-29T18:37:23","modified_gmt":"2022-06-29T22:37:23","slug":"gobernador-angel-marcano-fortalece-politicas-de-servicios-en-bolivar","status":"publish","type":"post","link":"https:\/\/elluchador.info\/?p=216422","title":{"rendered":"Gobernador \u00c1ngel Marcano fortalece pol\u00edticas de servicios en Bol\u00edvar"},"content":{"rendered":"<p>Con la premisa \u201cLa Artiller\u00eda del Pensamiento para la Liberaci\u00f3n de los Pueblos\u201d, inici\u00f3 la ponencia en la sede Casa Museo Correo del Orinoco, en el municipio Angostura del Orinoco, en marco de la celebraci\u00f3n del 27 de junio; D\u00eda del Periodista en Venezuela.<\/p>\n<p>Diego Navas, integrante de la Direcci\u00f3n de Patrimonio Hist\u00f3rico y Cultural, dependencia de la Secretar\u00eda Cultural de la Gobernaci\u00f3n del estado Bol\u00edvar, estuvo a cargo de esta ponencia, donde comunicadores sociales y personas ligadas a este gremio se hicieron presentes.<\/p>\n<p>Precis\u00f3 que este d\u00eda se eligi\u00f3, gracias a que un 27 de junio de 1818, sali\u00f3 a luz p\u00fablica el primer ejemplar del Correo del Orinoco, cuyo semanario fue fundado por el Libertador Sim\u00f3n Bol\u00edvar, con el prop\u00f3sito de dar a conocer las luchas de la independencia de la \u00e9poca, las pandemias, boletines informativos militares de esas guerras libradas, entre otros temas.<\/p>\n<p>En el encuentro con los comunicadores sociales, se hizo presente Neptal\u00ed Hurtado, secretario Cultural de la Gobernaci\u00f3n de Bol\u00edvar, y la arquitecta, Fanny Astudillo, directora del Patrimonio Hist\u00f3rico y Cultural de la regi\u00f3n, as\u00ed como representantes de emisoras de radio y dem\u00e1s autoridades.<\/p>\n<p><strong>Conversatorio<\/strong><\/p>\n<p>En horas de la tarde se hizo un conversatorio sobre \u201cConociendo la Historia del Correo\u201d, que estuvo a cargo de la periodista Asia Betancourt, quien se pase\u00f3 por la historia de m\u00e1s de 200 a\u00f1os, donde el Libertador pas\u00f3 buena parte de su vida, para que hoy sean conocidos los logros en la batalla independentista.<\/p>\n<p><strong>Prensa Gobernaci\u00f3n<\/strong><\/p>\n","protected":false},"excerpt":{"rendered":"<p>Con la premisa \u201cLa Artiller\u00eda del Pensamiento para la Liberaci\u00f3n de los Pueblos\u201d, inici\u00f3 la ponencia en la sede Casa Museo Correo del Orinoco, en el municipio Angostura del Orinoco, en marco de la celebraci\u00f3n del 27 de junio; D\u00eda del Periodista en Venezuela. Diego Navas, integrante de la Direcci\u00f3n de Patrimonio Hist\u00f3rico y Cultural, [&hellip;]<\/p>\n","protected":false},"author":19,"featured_media":216423,"comment_status":"closed","ping_status":"closed","sticky":false,"template":"","format":"standard","meta":{"footnotes":""},"categories":[12],"tags":[],"class_list":{"0":"post-216422","1":"post","2":"type-post","3":"status-publish","4":"format-standard","5":"has-post-thumbnail","7":"category-regionales"},"_links":{"self":[{"href":"https:\/\/elluchador.info\/index.php?rest_route=\/wp\/v2\/posts\/216422","targetHints":{"allow":["GET"]}}],"collection":[{"href":"https:\/\/elluchador.info\/index.php?rest_route=\/wp\/v2\/posts"}],"about":[{"href":"https:\/\/elluchador.info\/index.php?rest_route=\/wp\/v2\/types\/post"}],"author":[{"embeddable":true,"href":"https:\/\/elluchador.info\/index.php?rest_route=\/wp\/v2\/users\/19"}],"replies":[{"embeddable":true,"href":"https:\/\/elluchador.info\/index.php?rest_route=%2Fwp%2Fv2%2Fcomments&post=216422"}],"version-history":[{"count":1,"href":"https:\/\/elluchador.info\/index.php?rest_route=\/wp\/v2\/posts\/216422\/revisions"}],"predecessor-version":[{"id":216424,"href":"https:\/\/elluchador.info\/index.php?rest_route=\/wp\/v2\/posts\/216422\/revisions\/216424"}],"wp:featuredmedia":[{"embeddable":true,"href":"https:\/\/elluchador.info\/index.php?rest_route=\/wp\/v2\/media\/216423"}],"wp:attachment":[{"href":"https:\/\/elluchador.info\/index.php?rest_route=%2Fwp%2Fv2%2Fmedia&parent=216422"}],"wp:term":[{"taxonomy":"category","embeddable":true,"href":"https:\/\/elluchador.info\/index.php?rest_route=%2Fwp%2Fv2%2Fcategories&post=216422"},{"taxonomy":"post_tag","embeddable":true,"href":"https:\/\/elluchador.info\/index.php?rest_route=%2Fwp%2Fv2%2Ftags&post=216422"}],"curies":[{"name":"wp","href":"https:\/\/api.w.org\/{rel}","templated":true}]}}