{"id":216488,"date":"2022-06-30T14:32:10","date_gmt":"2022-06-30T18:32:10","guid":{"rendered":"https:\/\/elluchador.info\/web\/?p=216488"},"modified":"2022-06-30T14:32:10","modified_gmt":"2022-06-30T18:32:10","slug":"acnur-y-la-oim-instan-a-reforzar-la-proteccion-a-los-migrantes-venezolanos","status":"publish","type":"post","link":"https:\/\/elluchador.info\/?p=216488","title":{"rendered":"ACNUR y la OIM instan a reforzar la protecci\u00f3n a los migrantes venezolanos"},"content":{"rendered":"<div class=\"\" data-block=\"true\" data-editor=\"d5t9k\" data-offset-key=\"fap5t-0-0\">\n<div class=\"_1mf _1mj\" data-offset-key=\"fap5t-0-0\">El Alto Comisionado de las Naciones Unidas para los Refugiados (ACNUR) y la Organizaci\u00f3n Internacional para las Migraciones (OIM) instaron este jueves a reforzar los mecanismos de protecci\u00f3n a los venezolanos que han dejado su pa\u00eds.<\/div>\n<\/div>\n<div class=\"\" data-block=\"true\" data-editor=\"d5t9k\" data-offset-key=\"bdc9h-0-0\">\n<div class=\"_1mf _1mj\" data-offset-key=\"bdc9h-0-0\"><span data-offset-key=\"bdc9h-0-0\">\u00a0<\/span><\/div>\n<\/div>\n<div class=\"\" data-block=\"true\" data-editor=\"d5t9k\" data-offset-key=\"cvf7t-0-0\">\n<div class=\"_1mf _1mj\" data-offset-key=\"cvf7t-0-0\"><span data-offset-key=\"cvf7t-0-0\">Ambos organismos participaron en forma virtual en la apertura de una reuni\u00f3n que celebra en Brasilia el Proceso de Quito, plataforma que re\u00fane a trece pa\u00edses de Am\u00e9rica Latina que han recibido en los \u00faltimos a\u00f1os a millones de venezolanos y que sirve para compartir experiencias de acogida.<\/span><\/div>\n<\/div>\n<div class=\"\" data-block=\"true\" data-editor=\"d5t9k\" data-offset-key=\"6geeu-0-0\">\n<div class=\"_1mf _1mj\" data-offset-key=\"6geeu-0-0\"><span data-offset-key=\"6geeu-0-0\">\u00a0<\/span><\/div>\n<\/div>\n<div class=\"\" data-block=\"true\" data-editor=\"d5t9k\" data-offset-key=\"9kkra-0-0\">\n<div class=\"_1mf _1mj\" data-offset-key=\"9kkra-0-0\"><span data-offset-key=\"9kkra-0-0\">El director general de la OIM, Antonio Vitorino, reconoci\u00f3 la respuesta que Am\u00e9rica Latina ha dado frente a esa crisis migratoria y subray\u00f3 la \u00abnecesidad imperativa de consolidar las iniciativas de regularizaci\u00f3n adoptadas por la mayor\u00eda de los estados receptores\u00bb.<\/span><\/div>\n<\/div>\n<div class=\"\" data-block=\"true\" data-editor=\"d5t9k\" data-offset-key=\"e6qo6-0-0\">\n<div class=\"_1mf _1mj\" data-offset-key=\"e6qo6-0-0\"><span data-offset-key=\"e6qo6-0-0\">\u00a0<\/span><\/div>\n<\/div>\n<div class=\"\" data-block=\"true\" data-editor=\"d5t9k\" data-offset-key=\"4mmau-0-0\">\n<div class=\"_1mf _1mj\" data-offset-key=\"4mmau-0-0\"><span data-offset-key=\"4mmau-0-0\">Esa regularizaci\u00f3n, seg\u00fan Vitorino, \u00abpermite la tan necesaria integraci\u00f3n socio-econ\u00f3mica\u00bb de los migrantes, pero tambi\u00e9n debe \u00abser acompa\u00f1ada de programas de m\u00e1s largo plazo\u00bb, a fin de \u00abgenerar una mayor estabilidad\u00bb para quienes han sido recibidos.<\/span><\/div>\n<\/div>\n<div class=\"\" data-block=\"true\" data-editor=\"d5t9k\" data-offset-key=\"3477h-0-0\">\n<div class=\"_1mf _1mj\" data-offset-key=\"3477h-0-0\"><span data-offset-key=\"3477h-0-0\">\u00a0<\/span><\/div>\n<\/div>\n<div class=\"\" data-block=\"true\" data-editor=\"d5t9k\" data-offset-key=\"bu9e1-0-0\">\n<div class=\"_1mf _1mj\" data-offset-key=\"bu9e1-0-0\"><span data-offset-key=\"bu9e1-0-0\">El titular de ACNUR, Filippo Grandi, reiter\u00f3 que la situaci\u00f3n generada por la migraci\u00f3n venezolana en Am\u00e9rica Latina \u00abno tiene precedentes en la regi\u00f3n\u00bb, que en los \u00faltimos a\u00f1os se calcula que ha recibido a cerca de cinco millones de personas procedentes de ese pa\u00eds.<\/span><\/div>\n<\/div>\n<div class=\"\" data-block=\"true\" data-editor=\"d5t9k\" data-offset-key=\"6gib3-0-0\">\n<div class=\"_1mf _1mj\" data-offset-key=\"6gib3-0-0\"><span data-offset-key=\"6gib3-0-0\">\u00a0<\/span><\/div>\n<\/div>\n<div class=\"\" data-block=\"true\" data-editor=\"d5t9k\" data-offset-key=\"8r8mo-0-0\">\n<div class=\"_1mf _1mj\" data-offset-key=\"8r8mo-0-0\"><span data-offset-key=\"8r8mo-0-0\">\u00abAlienta ver que los Estados contin\u00faan facilitando el acceso a sus territorios, asegurando derechos y tambi\u00e9n la atenci\u00f3n en salud, incluyendo la vacunaci\u00f3n contra la covid-19\u00bb, destac\u00f3.<\/span><\/div>\n<\/div>\n<div class=\"\" data-block=\"true\" data-editor=\"d5t9k\" data-offset-key=\"cm9fs-0-0\">\n<div class=\"_1mf _1mj\" data-offset-key=\"cm9fs-0-0\"><span data-offset-key=\"cm9fs-0-0\">\u00a0<\/span><\/div>\n<\/div>\n<div class=\"\" data-block=\"true\" data-editor=\"d5t9k\" data-offset-key=\"36tvq-0-0\">\n<div class=\"_1mf _1mj\" data-offset-key=\"36tvq-0-0\"><span data-offset-key=\"36tvq-0-0\">Asimismo, Grandi valor\u00f3 que \u00abse han asegurado el acceso al asilo y a la protecci\u00f3n temporal\u00bb, as\u00ed como las \u00abiniciativas volcadas a la protecci\u00f3n y la regularizaci\u00f3n\u00bb de los migrantes.<\/span><\/div>\n<\/div>\n<div class=\"\" data-block=\"true\" data-editor=\"d5t9k\" data-offset-key=\"2vpd9-0-0\">\n<div class=\"_1mf _1mj\" data-offset-key=\"2vpd9-0-0\"><span data-offset-key=\"2vpd9-0-0\">\u00a0<\/span><\/div>\n<\/div>\n<div class=\"\" data-block=\"true\" data-editor=\"d5t9k\" data-offset-key=\"eikg7-0-0\">\n<div class=\"_1mf _1mj\" data-offset-key=\"eikg7-0-0\"><span data-offset-key=\"eikg7-0-0\">Sobre el Proceso de Quito, el titular de ACNUR consider\u00f3 que \u00abse ha consolidado como una importante plataforma de cooperaci\u00f3n basada en los derechos humanos y la responsabilidad compartida\u00bb, y se\u00f1al\u00f3 a este mecanismo como un \u00abejemplo clave de la implementaci\u00f3n del Pacto Mundial sobre Refugiados\u00bb, aprobado por la ONU en 2018.<\/span><\/div>\n<\/div>\n<div class=\"\" data-block=\"true\" data-editor=\"d5t9k\" data-offset-key=\"6j54d-0-0\">\n<div class=\"_1mf _1mj\" data-offset-key=\"6j54d-0-0\"><span data-offset-key=\"6j54d-0-0\">\u00a0<\/span><\/div>\n<\/div>\n<div class=\"\" data-block=\"true\" data-editor=\"d5t9k\" data-offset-key=\"e1rni-0-0\">\n<div class=\"_1mf _1mj\" data-offset-key=\"e1rni-0-0\"><span data-offset-key=\"e1rni-0-0\">El Proceso de Quito se cre\u00f3 en 2018 por iniciativa de Ecuador como un espacio de trabajo t\u00e9cnico regional, con el apoyo de ACNUR y la OIM, para coordinar la respuesta al reto planteado a la regi\u00f3n por los flujos de refugiados y migrantes de Venezuela.<\/span><\/div>\n<\/div>\n<div class=\"\" data-block=\"true\" data-editor=\"d5t9k\" data-offset-key=\"7aecr-0-0\">\n<div class=\"_1mf _1mj\" data-offset-key=\"7aecr-0-0\"><span data-offset-key=\"7aecr-0-0\">\u00a0<\/span><\/div>\n<\/div>\n<div class=\"\" data-block=\"true\" data-editor=\"d5t9k\" data-offset-key=\"7nnfr-0-0\">\n<div class=\"_1mf _1mj\" data-offset-key=\"7nnfr-0-0\"><span data-offset-key=\"7nnfr-0-0\">Est\u00e1 constituido por Argentina, Brasil, Chile, Colombia, Costa Rica, Ecuador, Guyana, M\u00e9xico, Paraguay, Panam\u00e1, Per\u00fa, Rep\u00fablica Dominicana y Uruguay.<\/span><\/div>\n<\/div>\n<div class=\"\" data-block=\"true\" data-editor=\"d5t9k\" data-offset-key=\"6a7hi-0-0\">\n<div class=\"_1mf _1mj\" data-offset-key=\"6a7hi-0-0\"><span data-offset-key=\"6a7hi-0-0\">\u00a0<\/span><\/div>\n<\/div>\n<div class=\"\" data-block=\"true\" data-editor=\"d5t9k\" data-offset-key=\"a8t2h-0-0\">\n<div class=\"_1mf _1mj\" data-offset-key=\"a8t2h-0-0\"><span data-offset-key=\"a8t2h-0-0\">Cuenta adem\u00e1s con un Grupo de Amigos, que entre sus miembros tiene a Espa\u00f1a, Pa\u00edses Bajos, Suiza, Alemania, Francia, la Uni\u00f3n Europea (UE), Canad\u00e1, Estados Unidos, Reino Unido, Italia y el Banco Interamericano de Desarrollo (BID).<\/span><\/div>\n<\/div>\n<div class=\"\" data-block=\"true\" data-editor=\"d5t9k\" data-offset-key=\"damk4-0-0\">\n<div class=\"_1mf _1mj\" data-offset-key=\"damk4-0-0\"><span data-offset-key=\"damk4-0-0\">\u00a0<\/span><\/div>\n<\/div>\n<div class=\"\" data-block=\"true\" data-editor=\"d5t9k\" data-offset-key=\"235ii-0-0\">\n<div class=\"_1mf _1mj\" data-offset-key=\"235ii-0-0\"><span data-offset-key=\"235ii-0-0\">La reuni\u00f3n de Brasilia se celebrar\u00e1 a puerta cerrada y concluir\u00e1 este viernes, con la presentaci\u00f3n de un balance de las acciones de los Estados y la situaci\u00f3n migratoria venezolana en la regi\u00f3n.<\/span><\/div>\n<\/div>\n<div data-offset-key=\"235ii-0-0\"><\/div>\n<div data-offset-key=\"235ii-0-0\"><\/div>\n<div data-offset-key=\"235ii-0-0\"><strong>EFE<\/strong><\/div>\n","protected":false},"excerpt":{"rendered":"<p>El Alto Comisionado de las Naciones Unidas para los Refugiados (ACNUR) y la Organizaci\u00f3n Internacional para las Migraciones (OIM) instaron este jueves a reforzar los mecanismos de protecci\u00f3n a los venezolanos que han dejado su pa\u00eds. \u00a0 Ambos organismos participaron en forma virtual en la apertura de una reuni\u00f3n que celebra en Brasilia el Proceso [&hellip;]<\/p>\n","protected":false},"author":19,"featured_media":216489,"comment_status":"closed","ping_status":"closed","sticky":false,"template":"","format":"standard","meta":{"footnotes":""},"categories":[8],"tags":[],"class_list":{"0":"post-216488","1":"post","2":"type-post","3":"status-publish","4":"format-standard","5":"has-post-thumbnail","7":"category-internacionales"},"_links":{"self":[{"href":"https:\/\/elluchador.info\/index.php?rest_route=\/wp\/v2\/posts\/216488","targetHints":{"allow":["GET"]}}],"collection":[{"href":"https:\/\/elluchador.info\/index.php?rest_route=\/wp\/v2\/posts"}],"about":[{"href":"https:\/\/elluchador.info\/index.php?rest_route=\/wp\/v2\/types\/post"}],"author":[{"embeddable":true,"href":"https:\/\/elluchador.info\/index.php?rest_route=\/wp\/v2\/users\/19"}],"replies":[{"embeddable":true,"href":"https:\/\/elluchador.info\/index.php?rest_route=%2Fwp%2Fv2%2Fcomments&post=216488"}],"version-history":[{"count":1,"href":"https:\/\/elluchador.info\/index.php?rest_route=\/wp\/v2\/posts\/216488\/revisions"}],"predecessor-version":[{"id":216490,"href":"https:\/\/elluchador.info\/index.php?rest_route=\/wp\/v2\/posts\/216488\/revisions\/216490"}],"wp:featuredmedia":[{"embeddable":true,"href":"https:\/\/elluchador.info\/index.php?rest_route=\/wp\/v2\/media\/216489"}],"wp:attachment":[{"href":"https:\/\/elluchador.info\/index.php?rest_route=%2Fwp%2Fv2%2Fmedia&parent=216488"}],"wp:term":[{"taxonomy":"category","embeddable":true,"href":"https:\/\/elluchador.info\/index.php?rest_route=%2Fwp%2Fv2%2Fcategories&post=216488"},{"taxonomy":"post_tag","embeddable":true,"href":"https:\/\/elluchador.info\/index.php?rest_route=%2Fwp%2Fv2%2Ftags&post=216488"}],"curies":[{"name":"wp","href":"https:\/\/api.w.org\/{rel}","templated":true}]}}