{"id":216545,"date":"2022-06-30T19:20:56","date_gmt":"2022-06-30T23:20:56","guid":{"rendered":"https:\/\/elluchador.info\/web\/?p=216545"},"modified":"2022-06-30T19:20:56","modified_gmt":"2022-06-30T23:20:56","slug":"gobierno-municipal-avanza-en-jornadas-de-mantenimiento-en-ciudad-bolivar","status":"publish","type":"post","link":"https:\/\/elluchador.info\/?p=216545","title":{"rendered":"Gobierno municipal avanza en jornadas de mantenimiento en Ciudad Bol\u00edvar"},"content":{"rendered":"<p>El equipo multidisciplinario de la Alcald\u00eda Angostura del Orinoco, a trav\u00e9s de las cuadrillas de la Direcci\u00f3n de Mantenimiento y Servicios Generales, realizan labores de limpieza integral, desarenizaci\u00f3n y recolecci\u00f3n de los desechos s\u00f3lidos en Ciudad Bol\u00edvar.<\/p>\n<p>Te\u00f3filo Le\u00f3n, director de Servicios Generales en la entidad, coment\u00f3 que desde muy tempranas horas de la ma\u00f1ana el equipo\u00a0se despliega en distintos puntos de la ciudad para efectuar sus labores con m\u00e1xima eficiencia y de la mano con las cuadrillas de la Misi\u00f3n de Venezuela Bella.<strong><img loading=\"lazy\" decoding=\"async\" class=\"size-medium wp-image-216547 alignright\" src=\"https:\/\/elluchador.info\/web\/wp-content\/uploads\/2022\/06\/05-37-300x169.jpg\" alt=\"\" width=\"300\" height=\"169\" srcset=\"https:\/\/elluchador.info\/wp-content\/uploads\/2022\/06\/05-37-300x169.jpg 300w, https:\/\/elluchador.info\/wp-content\/uploads\/2022\/06\/05-37-1024x576.jpg 1024w, https:\/\/elluchador.info\/wp-content\/uploads\/2022\/06\/05-37-768x432.jpg 768w, https:\/\/elluchador.info\/wp-content\/uploads\/2022\/06\/05-37-747x420.jpg 747w, https:\/\/elluchador.info\/wp-content\/uploads\/2022\/06\/05-37-640x360.jpg 640w, https:\/\/elluchador.info\/wp-content\/uploads\/2022\/06\/05-37-681x383.jpg 681w, https:\/\/elluchador.info\/wp-content\/uploads\/2022\/06\/05-37-1021x580.jpg 1021w, https:\/\/elluchador.info\/wp-content\/uploads\/2022\/06\/05-37.jpg 1080w\" sizes=\"auto, (max-width: 300px) 100vw, 300px\" \/><\/strong><\/p>\n<p>\u201cCada jornada que se ejecuta en la entidad es de forma integral, tenemos hombres y mujeres perseverantes y valientes al servicio del municipio bajo el liderazgo del alcalde Sergio Hern\u00e1ndez, dispuestos a sumar esfuerzos para el bienestar del pueblo\u201d, explic\u00f3.<\/p>\n<p>Asimismo se\u00f1al\u00f3 que las cuadrillas cumplen con todas las medidas de bioseguridad para evitar el contagio y propagaci\u00f3n del covid-19.<\/p>\n<p>&nbsp;<\/p>\n<p><img loading=\"lazy\" decoding=\"async\" class=\"size-medium wp-image-216548 alignleft\" src=\"https:\/\/elluchador.info\/web\/wp-content\/uploads\/2022\/06\/07-13-300x225.jpg\" alt=\"\" width=\"300\" height=\"225\" srcset=\"https:\/\/elluchador.info\/wp-content\/uploads\/2022\/06\/07-13-300x225.jpg 300w, https:\/\/elluchador.info\/wp-content\/uploads\/2022\/06\/07-13-768x576.jpg 768w, https:\/\/elluchador.info\/wp-content\/uploads\/2022\/06\/07-13-560x420.jpg 560w, https:\/\/elluchador.info\/wp-content\/uploads\/2022\/06\/07-13-80x60.jpg 80w, https:\/\/elluchador.info\/wp-content\/uploads\/2022\/06\/07-13-100x75.jpg 100w, https:\/\/elluchador.info\/wp-content\/uploads\/2022\/06\/07-13-180x135.jpg 180w, https:\/\/elluchador.info\/wp-content\/uploads\/2022\/06\/07-13-238x178.jpg 238w, https:\/\/elluchador.info\/wp-content\/uploads\/2022\/06\/07-13-640x480.jpg 640w, https:\/\/elluchador.info\/wp-content\/uploads\/2022\/06\/07-13-681x511.jpg 681w, https:\/\/elluchador.info\/wp-content\/uploads\/2022\/06\/07-13.jpg 1000w\" sizes=\"auto, (max-width: 300px) 100vw, 300px\" \/><\/p>\n<p>\u201cAqu\u00ed seguimos trabajando de la mano de nuestro alcalde revolucionario, Sergio Hern\u00e1ndez, para\u00a0 llevar a lo largo y ancho del municipio las pol\u00edticas en materia de mantenimiento integral y de esta manera cumplir con el V objetivo del Plan de la Patria\u201d, expres\u00f3 Torres.<\/p>\n<p>&nbsp;<\/p>\n<p><strong>Prensa Alcald\u00eda A\/O<\/strong><\/p>\n","protected":false},"excerpt":{"rendered":"<p>El equipo multidisciplinario de la Alcald\u00eda Angostura del Orinoco, a trav\u00e9s de las cuadrillas de la Direcci\u00f3n de Mantenimiento y Servicios Generales, realizan labores de limpieza integral, desarenizaci\u00f3n y recolecci\u00f3n de los desechos s\u00f3lidos en Ciudad Bol\u00edvar. Te\u00f3filo Le\u00f3n, director de Servicios Generales en la entidad, coment\u00f3 que desde muy tempranas horas de la ma\u00f1ana [&hellip;]<\/p>\n","protected":false},"author":19,"featured_media":216546,"comment_status":"closed","ping_status":"closed","sticky":false,"template":"","format":"standard","meta":{"footnotes":""},"categories":[20],"tags":[],"class_list":{"0":"post-216545","1":"post","2":"type-post","3":"status-publish","4":"format-standard","5":"has-post-thumbnail","7":"category-municipal"},"_links":{"self":[{"href":"https:\/\/elluchador.info\/index.php?rest_route=\/wp\/v2\/posts\/216545","targetHints":{"allow":["GET"]}}],"collection":[{"href":"https:\/\/elluchador.info\/index.php?rest_route=\/wp\/v2\/posts"}],"about":[{"href":"https:\/\/elluchador.info\/index.php?rest_route=\/wp\/v2\/types\/post"}],"author":[{"embeddable":true,"href":"https:\/\/elluchador.info\/index.php?rest_route=\/wp\/v2\/users\/19"}],"replies":[{"embeddable":true,"href":"https:\/\/elluchador.info\/index.php?rest_route=%2Fwp%2Fv2%2Fcomments&post=216545"}],"version-history":[{"count":1,"href":"https:\/\/elluchador.info\/index.php?rest_route=\/wp\/v2\/posts\/216545\/revisions"}],"predecessor-version":[{"id":216549,"href":"https:\/\/elluchador.info\/index.php?rest_route=\/wp\/v2\/posts\/216545\/revisions\/216549"}],"wp:featuredmedia":[{"embeddable":true,"href":"https:\/\/elluchador.info\/index.php?rest_route=\/wp\/v2\/media\/216546"}],"wp:attachment":[{"href":"https:\/\/elluchador.info\/index.php?rest_route=%2Fwp%2Fv2%2Fmedia&parent=216545"}],"wp:term":[{"taxonomy":"category","embeddable":true,"href":"https:\/\/elluchador.info\/index.php?rest_route=%2Fwp%2Fv2%2Fcategories&post=216545"},{"taxonomy":"post_tag","embeddable":true,"href":"https:\/\/elluchador.info\/index.php?rest_route=%2Fwp%2Fv2%2Ftags&post=216545"}],"curies":[{"name":"wp","href":"https:\/\/api.w.org\/{rel}","templated":true}]}}