{"id":216553,"date":"2022-06-30T19:31:25","date_gmt":"2022-06-30T23:31:25","guid":{"rendered":"https:\/\/elluchador.info\/web\/?p=216553"},"modified":"2022-06-30T19:31:25","modified_gmt":"2022-06-30T23:31:25","slug":"confirman-el-primer-caso-de-la-viruela-del-mono-en-puerto-rico","status":"publish","type":"post","link":"https:\/\/elluchador.info\/?p=216553","title":{"rendered":"Confirman el primer caso de la viruela del mono en Puerto Rico"},"content":{"rendered":"<p>El paciente permanece en aislamiento en su hogar, se encuentra en condici\u00f3n estable y bajo atenci\u00f3n m\u00e9dica, seg\u00fan el comunicado del Departamento de Salud.<\/p>\n<p>El Departamento de Salud de Puerto Rico confirm\u00f3 este mi\u00e9rcoles el primer caso de viruela del mono en la isla y pidi\u00f3 a la poblaci\u00f3n estar alerta para detener cualquier cadena de transmisi\u00f3n.<\/p>\n<p>\u00abEs momento de que todos estemos alerta sobre los s\u00edntomas cl\u00ednicos y los criterios epidemiol\u00f3gicos de este virus para que podamos prevenir contagios y detener cualquier cadena de transmisi\u00f3n\u00bb,\u00a0dijo\u00a0el secretario de Salud, Carlos Mellado L\u00f3pez.<\/p>\n<p>Este primer caso fue identificado a trav\u00e9s del sistema de vigilancia para enfermedades de notificaci\u00f3n obligatoria, que coordin\u00f3 la toma de la muestra.<\/p>\n<p><strong>EL UNIVERSAL\u00a0<\/strong><\/p>\n","protected":false},"excerpt":{"rendered":"<p>El paciente permanece en aislamiento en su hogar, se encuentra en condici\u00f3n estable y bajo atenci\u00f3n m\u00e9dica, seg\u00fan el comunicado del Departamento de Salud. El Departamento de Salud de Puerto Rico confirm\u00f3 este mi\u00e9rcoles el primer caso de viruela del mono en la isla y pidi\u00f3 a la poblaci\u00f3n estar alerta para detener cualquier cadena [&hellip;]<\/p>\n","protected":false},"author":19,"featured_media":216554,"comment_status":"closed","ping_status":"closed","sticky":false,"template":"","format":"standard","meta":{"footnotes":""},"categories":[19],"tags":[],"class_list":{"0":"post-216553","1":"post","2":"type-post","3":"status-publish","4":"format-standard","5":"has-post-thumbnail","7":"category-salud"},"_links":{"self":[{"href":"https:\/\/elluchador.info\/index.php?rest_route=\/wp\/v2\/posts\/216553","targetHints":{"allow":["GET"]}}],"collection":[{"href":"https:\/\/elluchador.info\/index.php?rest_route=\/wp\/v2\/posts"}],"about":[{"href":"https:\/\/elluchador.info\/index.php?rest_route=\/wp\/v2\/types\/post"}],"author":[{"embeddable":true,"href":"https:\/\/elluchador.info\/index.php?rest_route=\/wp\/v2\/users\/19"}],"replies":[{"embeddable":true,"href":"https:\/\/elluchador.info\/index.php?rest_route=%2Fwp%2Fv2%2Fcomments&post=216553"}],"version-history":[{"count":1,"href":"https:\/\/elluchador.info\/index.php?rest_route=\/wp\/v2\/posts\/216553\/revisions"}],"predecessor-version":[{"id":216555,"href":"https:\/\/elluchador.info\/index.php?rest_route=\/wp\/v2\/posts\/216553\/revisions\/216555"}],"wp:featuredmedia":[{"embeddable":true,"href":"https:\/\/elluchador.info\/index.php?rest_route=\/wp\/v2\/media\/216554"}],"wp:attachment":[{"href":"https:\/\/elluchador.info\/index.php?rest_route=%2Fwp%2Fv2%2Fmedia&parent=216553"}],"wp:term":[{"taxonomy":"category","embeddable":true,"href":"https:\/\/elluchador.info\/index.php?rest_route=%2Fwp%2Fv2%2Fcategories&post=216553"},{"taxonomy":"post_tag","embeddable":true,"href":"https:\/\/elluchador.info\/index.php?rest_route=%2Fwp%2Fv2%2Ftags&post=216553"}],"curies":[{"name":"wp","href":"https:\/\/api.w.org\/{rel}","templated":true}]}}