{"id":216666,"date":"2022-07-01T17:12:09","date_gmt":"2022-07-01T21:12:09","guid":{"rendered":"https:\/\/elluchador.info\/web\/?p=216666"},"modified":"2022-07-01T17:12:09","modified_gmt":"2022-07-01T21:12:09","slug":"empresarios-de-venezuela-y-colombia-se-reuniran-para-hablar-sobre-la-reactivacion-comercial-en-la-frontera","status":"publish","type":"post","link":"https:\/\/elluchador.info\/?p=216666","title":{"rendered":"Empresarios de Venezuela y Colombia se reunir\u00e1n para hablar sobre la reactivaci\u00f3n comercial en la frontera"},"content":{"rendered":"<div class=\"entry-content\">\n<p>Gremios, comerciantes y empresarios de Venezuela y Colombia se reunir\u00e1n el pr\u00f3ximo 4 de julio en el\u00a0Lidotel San Crist\u00f3bal\u00a0con el fin de avanzar en el restablecimiento de paso de personas, mercanc\u00edas y veh\u00edculos entre ambas naciones.<\/p>\n<p>El director ejecutivo de Fedec\u00e1maras T\u00e1chira,\u00a0Jos\u00e9 Luis Jim\u00e9nez\u00a0indic\u00f3 que se han tenido avances representativos que \u201cnos permiten esfuerzos gremiales interfronterizos es la v\u00eda correcta para mejorar y fortalecer a las empresas formales\u201d.<\/p>\n<p>\u201cLos trabajadores y la sociedad civil de nuestras regiones.\u00a0Debemos seguir avanzando en la construcci\u00f3n de una visi\u00f3n compartida fronteriza que garantice la recuperaci\u00f3n econ\u00f3mica\u00a0y nos permita con pasos firmes entrar de lleno y como un solo basti\u00f3n a la Globalizaci\u00f3n desde el Centro de dos Pa\u00edses\u201d, dijo en una nota de prensa citada por\u00a0Banca y Negocios.<\/p>\n<p>Por otra parte,\u00a0Carlos Luna, presidente de la C\u00e1mara de Comercio de C\u00facuta, expres\u00f3 que aspira restablecer el comercio binacional.<\/p>\n<p>\u201cLo que queremos es que haya una apertura real y coordinada entre las autoridades de ambos pa\u00edses\u201d, agreg\u00f3 Luna, al tiempo que resalt\u00f3 el inter\u00e9s del sector para trabajar en una frontera m\u00e1s segura.<\/p>\n<p>Actualmente, existe una alta expectativa de apertura tras el anuncio del restablecimiento de las relaciones diplom\u00e1ticas entre Colombia y Venezuela con la elecci\u00f3n del izquierdista Gustavo Petro.<\/p>\n<p>El encuentro \u201cAcuerdo de la Frontera\u201d tiene como finalidad dar a conocer a la regi\u00f3n las prioridades que desde el sector empresarial son necesarias para la reapertura fronteriza con el objetivo que las mismas permitan dinamizar el comercio, empleo y paso de personas, que han sido condiciones, por siempre, naturales de esta zona.<\/p>\n<\/div>\n<div class=\"cs-entry__after-share-buttons\">\n<div class=\"pk-share-buttons-wrap pk-share-buttons-layout-equal pk-share-buttons-scheme-bold-bg pk-share-buttons-after-post pk-share-buttons-mode-php pk-share-buttons-mode-rest\" data-post-id=\"31137\" data-share-url=\"https:\/\/sumarium.info\/2022\/07\/01\/empresarios-de-venezuela-y-colombia-se-reuniran-para-hablar-sobre-la-reactivacion-comercial-en-la-frontera\/\">\n<div class=\"pk-share-buttons-items\">\n<div class=\"pk-share-buttons-item pk-share-buttons-facebook pk-share-buttons-no-count\" data-id=\"facebook\"><strong>Sumarium\u00a0<\/strong><\/div>\n<div class=\"pk-share-buttons-item pk-share-buttons-twitter pk-share-buttons-no-count\" data-id=\"twitter\"><\/div>\n<div class=\"pk-share-buttons-item pk-share-buttons-telegram pk-share-buttons-no-count\" data-id=\"telegram\"><\/div>\n<\/div>\n<\/div>\n<\/div>\n","protected":false},"excerpt":{"rendered":"<p>Gremios, comerciantes y empresarios de Venezuela y Colombia se reunir\u00e1n el pr\u00f3ximo 4 de julio en el\u00a0Lidotel San Crist\u00f3bal\u00a0con el fin de avanzar en el restablecimiento de paso de personas, mercanc\u00edas y veh\u00edculos entre ambas naciones. El director ejecutivo de Fedec\u00e1maras T\u00e1chira,\u00a0Jos\u00e9 Luis Jim\u00e9nez\u00a0indic\u00f3 que se han tenido avances representativos que \u201cnos permiten esfuerzos gremiales [&hellip;]<\/p>\n","protected":false},"author":19,"featured_media":216667,"comment_status":"closed","ping_status":"closed","sticky":false,"template":"","format":"standard","meta":{"footnotes":""},"categories":[9],"tags":[],"class_list":{"0":"post-216666","1":"post","2":"type-post","3":"status-publish","4":"format-standard","5":"has-post-thumbnail","7":"category-nacionales"},"_links":{"self":[{"href":"https:\/\/elluchador.info\/index.php?rest_route=\/wp\/v2\/posts\/216666","targetHints":{"allow":["GET"]}}],"collection":[{"href":"https:\/\/elluchador.info\/index.php?rest_route=\/wp\/v2\/posts"}],"about":[{"href":"https:\/\/elluchador.info\/index.php?rest_route=\/wp\/v2\/types\/post"}],"author":[{"embeddable":true,"href":"https:\/\/elluchador.info\/index.php?rest_route=\/wp\/v2\/users\/19"}],"replies":[{"embeddable":true,"href":"https:\/\/elluchador.info\/index.php?rest_route=%2Fwp%2Fv2%2Fcomments&post=216666"}],"version-history":[{"count":1,"href":"https:\/\/elluchador.info\/index.php?rest_route=\/wp\/v2\/posts\/216666\/revisions"}],"predecessor-version":[{"id":216668,"href":"https:\/\/elluchador.info\/index.php?rest_route=\/wp\/v2\/posts\/216666\/revisions\/216668"}],"wp:featuredmedia":[{"embeddable":true,"href":"https:\/\/elluchador.info\/index.php?rest_route=\/wp\/v2\/media\/216667"}],"wp:attachment":[{"href":"https:\/\/elluchador.info\/index.php?rest_route=%2Fwp%2Fv2%2Fmedia&parent=216666"}],"wp:term":[{"taxonomy":"category","embeddable":true,"href":"https:\/\/elluchador.info\/index.php?rest_route=%2Fwp%2Fv2%2Fcategories&post=216666"},{"taxonomy":"post_tag","embeddable":true,"href":"https:\/\/elluchador.info\/index.php?rest_route=%2Fwp%2Fv2%2Ftags&post=216666"}],"curies":[{"name":"wp","href":"https:\/\/api.w.org\/{rel}","templated":true}]}}