{"id":217027,"date":"2022-07-05T18:19:10","date_gmt":"2022-07-05T22:19:10","guid":{"rendered":"https:\/\/elluchador.info\/web\/?p=217027"},"modified":"2022-07-05T18:19:10","modified_gmt":"2022-07-05T22:19:10","slug":"alcalde-sergio-hernandez-obras-son-muestras-del-trabajo-en-equipo-y-por-amor-al-pueblo","status":"publish","type":"post","link":"https:\/\/elluchador.info\/?p=217027","title":{"rendered":"Alcalde Sergio Hern\u00e1ndez: Obras son muestras del trabajo en equipo y por amor al pueblo"},"content":{"rendered":"<p>Indic\u00f3 que bajo la gesti\u00f3n del gobernador \u00c1ngel Marcano un solo equipo de la mano con el poder popular y la clase obrera trabajadora ejecutaron las labores de reparaci\u00f3n en el puente Sucre para ser entregado a los bolivarenses.<\/p>\n<p><strong>\u00a0<\/strong>El alcalde Sergio Hern\u00e1ndez coment\u00f3 que gracias al empuje, dinamismo y valent\u00eda del gobernador \u00c1ngel Marcano junto a un equipo integral acompa\u00f1ado de la RAAS en tiempo record se logr\u00f3 rehabilitar el puente Sucre en el sector Primero de Mayo, para ser entregado a los bolivarenses.<\/p>\n<p>La m\u00e1xima autoridad local coment\u00f3 que de la mano con la alcald\u00eda, el ministerio de Transporte, barrio Nuevo, Barrio Tricolor, Corpoelec, Construcbolivar, gobernaci\u00f3n, la clase obrera trabajadora y la RAAS se logr\u00f3 rehabilitar este puente que comunica a los residentes de la parroquia Vista Hermosa y La Sabanita.<\/p>\n<p>\u201cEsto es una muestra que cuando se trabaja con amor todo es posible y de la mano de nuestro presidente Nicol\u00e1s Maduro y gobernador \u00c1ngel Marcano, dando respuesta a las personas mediante el 1&#215;10 del buen gobierno; aqu\u00ed todo se realiz\u00f3 con recursos propios y un equipo integral, sin contratistas ni intermediarios\u201d, acot\u00f3 Hern\u00e1ndez.<\/p>\n<p><strong>Una obra de primera para el pueblo<\/strong><\/p>\n<p>El alcalde Sergio Hern\u00e1ndez coment\u00f3 que se realiz\u00f3 una caminata por el puente Sucre en Primero de Mayo, junto a los l\u00edderes de comunidad, UBCH, coordinadores, concejales, diputados, estudiantes de la UNES y la RAAS; donde las personas corroboraron los trabajos ejecutados, para despu\u00e9s efectuar el despeje de la cinta, ya que los cuales no solo fue reparar los cimientos; si no tambi\u00e9n una jornada integral de limpieza, pintura en la aceras y brocales, instalaci\u00f3n de luminarias, entre otros.<\/p>\n<p>\u201cSomos un equipo integral que apuesta por llevarle la mayor suma de felicidad al pueblo, aqu\u00ed est\u00e1n los hechos, con estas acciones se consolid\u00f3 este paso que vendr\u00e1 a beneficiar a m\u00e1s de 80 mil personas que lo utilizan para ir a sus casas y puestos de trabajo\u201d, expres\u00f3 el l\u00edder municipal.<\/p>\n<p>Por su parte, el gobernador \u00c1ngel Marcano coment\u00f3 que se logr\u00f3 corregir la falla de borde que compromet\u00eda los cimientos y buena parte del puente Sucre.<\/p>\n<p>Adem\u00e1s explic\u00f3 que se realiz\u00f3 la fabricaci\u00f3n de tanquillas, limpieza de drenajes y tanquillas colapsadas, continuando con la restituci\u00f3n de las aceras, brocales, colector de aguas pluviales y torrentera, en especial, los movimientos de tierra, como parte fundamental de la obra, para el debido saneamiento, nivelaci\u00f3n y confirmaci\u00f3n del terreno con material de relleno, empleando maquinaria pesada para la consolidaci\u00f3n de la ladera.<\/p>\n<p>Para la fabricaci\u00f3n de la torrentera, equipos a cargo utilizaron acero de refuerzo, encofrado de madera y concreto armado de 250 kgf\/cm2, adem\u00e1s, se sembr\u00f3 pasto de vetiver para la contenci\u00f3n de los taludes, se coloc\u00f3 un bacheo en la zona afectada por la falla de borde, se demarc\u00f3 la vialidad y se reactiv\u00f3 el alumbrado p\u00fablico.<\/p>\n<p>\u201cY como en todas nuestras obras, aportamos el valor agregado para el bienestar integral del pueblo, por ello, cerramos trabajos con el desmalezamiento, barrido, recolecci\u00f3n y disposici\u00f3n final de desechos s\u00f3lidos, culminando con la acometida de pintura, accionar fundamentado en el renacer de Bol\u00edvar y en el buen gobierno, impulsado por el presidente Nicol\u00e1s Maduro\u201d, culmin\u00f3 diciendo Marcano.<\/p>\n<p><strong>Prensa Alcald\u00eda A\/O<\/strong><\/p>\n","protected":false},"excerpt":{"rendered":"<p>Indic\u00f3 que bajo la gesti\u00f3n del gobernador \u00c1ngel Marcano un solo equipo de la mano con el poder popular y la clase obrera trabajadora ejecutaron las labores de reparaci\u00f3n en el puente Sucre para ser entregado a los bolivarenses. \u00a0El alcalde Sergio Hern\u00e1ndez coment\u00f3 que gracias al empuje, dinamismo y valent\u00eda del gobernador \u00c1ngel Marcano [&hellip;]<\/p>\n","protected":false},"author":19,"featured_media":217028,"comment_status":"closed","ping_status":"closed","sticky":false,"template":"","format":"standard","meta":{"footnotes":""},"categories":[20],"tags":[],"class_list":{"0":"post-217027","1":"post","2":"type-post","3":"status-publish","4":"format-standard","5":"has-post-thumbnail","7":"category-municipal"},"_links":{"self":[{"href":"https:\/\/elluchador.info\/index.php?rest_route=\/wp\/v2\/posts\/217027","targetHints":{"allow":["GET"]}}],"collection":[{"href":"https:\/\/elluchador.info\/index.php?rest_route=\/wp\/v2\/posts"}],"about":[{"href":"https:\/\/elluchador.info\/index.php?rest_route=\/wp\/v2\/types\/post"}],"author":[{"embeddable":true,"href":"https:\/\/elluchador.info\/index.php?rest_route=\/wp\/v2\/users\/19"}],"replies":[{"embeddable":true,"href":"https:\/\/elluchador.info\/index.php?rest_route=%2Fwp%2Fv2%2Fcomments&post=217027"}],"version-history":[{"count":1,"href":"https:\/\/elluchador.info\/index.php?rest_route=\/wp\/v2\/posts\/217027\/revisions"}],"predecessor-version":[{"id":217029,"href":"https:\/\/elluchador.info\/index.php?rest_route=\/wp\/v2\/posts\/217027\/revisions\/217029"}],"wp:featuredmedia":[{"embeddable":true,"href":"https:\/\/elluchador.info\/index.php?rest_route=\/wp\/v2\/media\/217028"}],"wp:attachment":[{"href":"https:\/\/elluchador.info\/index.php?rest_route=%2Fwp%2Fv2%2Fmedia&parent=217027"}],"wp:term":[{"taxonomy":"category","embeddable":true,"href":"https:\/\/elluchador.info\/index.php?rest_route=%2Fwp%2Fv2%2Fcategories&post=217027"},{"taxonomy":"post_tag","embeddable":true,"href":"https:\/\/elluchador.info\/index.php?rest_route=%2Fwp%2Fv2%2Ftags&post=217027"}],"curies":[{"name":"wp","href":"https:\/\/api.w.org\/{rel}","templated":true}]}}