{"id":217033,"date":"2022-07-05T18:25:55","date_gmt":"2022-07-05T22:25:55","guid":{"rendered":"https:\/\/elluchador.info\/web\/?p=217033"},"modified":"2022-07-05T18:25:55","modified_gmt":"2022-07-05T22:25:55","slug":"gobierno-y-empresarios-unen-esfuerzos-por-reactivar-produccion-nacional","status":"publish","type":"post","link":"https:\/\/elluchador.info\/?p=217033","title":{"rendered":"Gobierno y empresarios unen esfuerzos por reactivar producci\u00f3n nacional"},"content":{"rendered":"<p>Con el objetivo de relanzar el motor industrial del pa\u00eds, esta semana se llev\u00f3 a cabo una reuni\u00f3n entre el Ministerio de Industria y Producci\u00f3n Nacional y los miembros de federaciones y c\u00e1maras nacionales industriales para consolidar lazos estrat\u00e9gicos que permitan fortalecer y reactivar la producci\u00f3n.<\/p>\n<p>El ministro para Industrias y Producci\u00f3n Nacional, Hip\u00f3lito Abreu, explic\u00f3 que este encuentro se lleva a cabo tras el planteamiento realizado por el jefe de Estado, Nicol\u00e1s Maduro, quien inst\u00f3 a seguir la l\u00ednea estrat\u00e9gica de impulsar una gran alianza nacional con el principal objetivo \u201cde vencer el bloqueo econ\u00f3mico impuesto a Venezuela\u201d(&#8230;)\u201cun trabajo en conjunto entre el ministro para Industrias y Producci\u00f3n Nacional, Hip\u00f3lito Abreu, y el Consejo de Gesti\u00f3n Productiva\u201d.<\/p>\n<p>Abreu public\u00f3 un video en el que el presidente de la Confederaci\u00f3n Venezolana de Industriales (Conindustria), Luigi Pisella, uno de los participantes en la reuni\u00f3n, se\u00f1al\u00f3 que en este encuentro articularon las medidas necesarias a efectos de contribuir con la producci\u00f3n nacional, la generaci\u00f3n de empleo, la sustituci\u00f3n de importaciones y estimular la compra de productos venezolanos.<\/p>\n<p>Por su parte, el presidente de la Federaci\u00f3n de Artesanos, Micros, Peque\u00f1as y Medianas Industrias y Empresas de Venezuela (Fedeindustria), Orlando Camacho, manifest\u00f3 que el principal objetivo de la reuni\u00f3n fue el intercambio de ideas con el fin de poner en marcha el apalancamiento de la producci\u00f3n nacional, \u00ablo hecho en Venezuela\u00bb.<\/p>\n<p><strong>\u00daltimas Noticias<\/strong><\/p>\n","protected":false},"excerpt":{"rendered":"<p>Con el objetivo de relanzar el motor industrial del pa\u00eds, esta semana se llev\u00f3 a cabo una reuni\u00f3n entre el Ministerio de Industria y Producci\u00f3n Nacional y los miembros de federaciones y c\u00e1maras nacionales industriales para consolidar lazos estrat\u00e9gicos que permitan fortalecer y reactivar la producci\u00f3n. El ministro para Industrias y Producci\u00f3n Nacional, Hip\u00f3lito Abreu, [&hellip;]<\/p>\n","protected":false},"author":19,"featured_media":217034,"comment_status":"closed","ping_status":"closed","sticky":false,"template":"","format":"standard","meta":{"footnotes":""},"categories":[9],"tags":[],"class_list":{"0":"post-217033","1":"post","2":"type-post","3":"status-publish","4":"format-standard","5":"has-post-thumbnail","7":"category-nacionales"},"_links":{"self":[{"href":"https:\/\/elluchador.info\/index.php?rest_route=\/wp\/v2\/posts\/217033","targetHints":{"allow":["GET"]}}],"collection":[{"href":"https:\/\/elluchador.info\/index.php?rest_route=\/wp\/v2\/posts"}],"about":[{"href":"https:\/\/elluchador.info\/index.php?rest_route=\/wp\/v2\/types\/post"}],"author":[{"embeddable":true,"href":"https:\/\/elluchador.info\/index.php?rest_route=\/wp\/v2\/users\/19"}],"replies":[{"embeddable":true,"href":"https:\/\/elluchador.info\/index.php?rest_route=%2Fwp%2Fv2%2Fcomments&post=217033"}],"version-history":[{"count":1,"href":"https:\/\/elluchador.info\/index.php?rest_route=\/wp\/v2\/posts\/217033\/revisions"}],"predecessor-version":[{"id":217035,"href":"https:\/\/elluchador.info\/index.php?rest_route=\/wp\/v2\/posts\/217033\/revisions\/217035"}],"wp:featuredmedia":[{"embeddable":true,"href":"https:\/\/elluchador.info\/index.php?rest_route=\/wp\/v2\/media\/217034"}],"wp:attachment":[{"href":"https:\/\/elluchador.info\/index.php?rest_route=%2Fwp%2Fv2%2Fmedia&parent=217033"}],"wp:term":[{"taxonomy":"category","embeddable":true,"href":"https:\/\/elluchador.info\/index.php?rest_route=%2Fwp%2Fv2%2Fcategories&post=217033"},{"taxonomy":"post_tag","embeddable":true,"href":"https:\/\/elluchador.info\/index.php?rest_route=%2Fwp%2Fv2%2Ftags&post=217033"}],"curies":[{"name":"wp","href":"https:\/\/api.w.org\/{rel}","templated":true}]}}