{"id":220152,"date":"2022-08-02T14:57:18","date_gmt":"2022-08-02T18:57:18","guid":{"rendered":"https:\/\/elluchador.info\/web\/?p=220152"},"modified":"2022-08-02T14:57:18","modified_gmt":"2022-08-02T18:57:18","slug":"economia-emprendedores-recibieron-creditos-para-impulsar-area-textil","status":"publish","type":"post","link":"https:\/\/elluchador.info\/?p=220152","title":{"rendered":"Econom\u00eda Emprendedores recibieron cr\u00e9ditos para impulsar \u00e1rea textil"},"content":{"rendered":"<p>Emprendedores guayaneses recibieron cr\u00e9ditos comerciales para impulsar sus negocios en el \u00e1rea textil en la ciudad.<\/p>\n<p>Los cr\u00e9ditos fueron otorgados a trav\u00e9s del Fondo Bol\u00edvar.<\/p>\n<p>Andr\u00e9s Paredes, director ejecutivo, destac\u00f3 el trabajo que est\u00e1n realizando favorece a los peque\u00f1os, medianos y grandes comerciantes, que apuesten por el desarrollo del estado.<\/p>\n<p>\u201cEn Fondo Bol\u00edvar seguimos activos, entregando cr\u00e9ditos a emprendedores bolivarenses. Estamos conociendo y apoyando a quienes sue\u00f1an y creen, Fondo Bol\u00edvar continuar\u00e1 trabajando para reforzar esa econom\u00eda emergente en este 2022\u201d, dijo.<\/p>\n<h3><strong>En sinergia productiva<\/strong><\/h3>\n<p>Paredes expres\u00f3 que el Fondo facilita la consolidaci\u00f3n de los proyectos comerciales, a trav\u00e9s de la formaci\u00f3n financiera.<\/p>\n<p>\u201cEstamos haciendo posible este beneficio a emprendedores del municipio Caron\u00ed\u201d, mencion\u00f3.<\/p>\n<p>El titular de Fondo Bol\u00edvar resalt\u00f3 que el equipo t\u00e9cnico y personal del ente, est\u00e1 activo, atendiendo y formando a emprendedores, con la intenci\u00f3n de agilizar el procedimiento para el otorgamiento de cr\u00e9ditos.<\/p>\n<p>Inst\u00f3 a los interesados a acudir a las oficinas de la instituci\u00f3n, donde podr\u00e1n adquirir toda la informaci\u00f3n necesaria para optar por el beneficio.<\/p>\n<h3><strong>Emprendedores conf\u00edan<\/strong><\/h3>\n<p>Rosbelyis P\u00e9rez Mendoza, vecina del municipio Caron\u00ed, emprendedora del \u00e1rea textil, manifest\u00f3 sentirse agradecida con este apoyo.<\/p>\n<p>\u201cEste es un impulso para mi emprendimiento, gracias a este cr\u00e9dito podr\u00e9 hacer crecer mi negocio, es un \u00e9xito e invito a los emprendedores a que consoliden sus proyectos con Fondo Bol\u00edvar, porque es una realidad\u201d.<\/p>\n<p>Mientras que Leodannys Su\u00e1rez, tambi\u00e9n emprendedora de Caron\u00ed, mencion\u00f3 estar agradecida por la otorgaci\u00f3n del cr\u00e9dito para su emprendimiento.<\/p>\n<p>\u201cEscuch\u00e9 la publicidad y llegu\u00e9 como una ciudadana com\u00fan, fui atendida espectacular por todos, invito a los j\u00f3venes y a adultos a que traigan sus requisitos\u201d.<\/p>\n","protected":false},"excerpt":{"rendered":"<p>Emprendedores guayaneses recibieron cr\u00e9ditos comerciales para impulsar sus negocios en el \u00e1rea textil en la ciudad. Los cr\u00e9ditos fueron otorgados a trav\u00e9s del Fondo Bol\u00edvar. Andr\u00e9s Paredes, director ejecutivo, destac\u00f3 el trabajo que est\u00e1n realizando favorece a los peque\u00f1os, medianos y grandes comerciantes, que apuesten por el desarrollo del estado. \u201cEn Fondo Bol\u00edvar seguimos activos, [&hellip;]<\/p>\n","protected":false},"author":19,"featured_media":220153,"comment_status":"closed","ping_status":"closed","sticky":false,"template":"","format":"standard","meta":{"footnotes":""},"categories":[12],"tags":[],"class_list":{"0":"post-220152","1":"post","2":"type-post","3":"status-publish","4":"format-standard","5":"has-post-thumbnail","7":"category-regionales"},"_links":{"self":[{"href":"https:\/\/elluchador.info\/index.php?rest_route=\/wp\/v2\/posts\/220152","targetHints":{"allow":["GET"]}}],"collection":[{"href":"https:\/\/elluchador.info\/index.php?rest_route=\/wp\/v2\/posts"}],"about":[{"href":"https:\/\/elluchador.info\/index.php?rest_route=\/wp\/v2\/types\/post"}],"author":[{"embeddable":true,"href":"https:\/\/elluchador.info\/index.php?rest_route=\/wp\/v2\/users\/19"}],"replies":[{"embeddable":true,"href":"https:\/\/elluchador.info\/index.php?rest_route=%2Fwp%2Fv2%2Fcomments&post=220152"}],"version-history":[{"count":1,"href":"https:\/\/elluchador.info\/index.php?rest_route=\/wp\/v2\/posts\/220152\/revisions"}],"predecessor-version":[{"id":220154,"href":"https:\/\/elluchador.info\/index.php?rest_route=\/wp\/v2\/posts\/220152\/revisions\/220154"}],"wp:featuredmedia":[{"embeddable":true,"href":"https:\/\/elluchador.info\/index.php?rest_route=\/wp\/v2\/media\/220153"}],"wp:attachment":[{"href":"https:\/\/elluchador.info\/index.php?rest_route=%2Fwp%2Fv2%2Fmedia&parent=220152"}],"wp:term":[{"taxonomy":"category","embeddable":true,"href":"https:\/\/elluchador.info\/index.php?rest_route=%2Fwp%2Fv2%2Fcategories&post=220152"},{"taxonomy":"post_tag","embeddable":true,"href":"https:\/\/elluchador.info\/index.php?rest_route=%2Fwp%2Fv2%2Ftags&post=220152"}],"curies":[{"name":"wp","href":"https:\/\/api.w.org\/{rel}","templated":true}]}}