{"id":220200,"date":"2022-08-02T18:11:55","date_gmt":"2022-08-02T22:11:55","guid":{"rendered":"https:\/\/elluchador.info\/web\/?p=220200"},"modified":"2022-08-02T18:11:55","modified_gmt":"2022-08-02T22:11:55","slug":"fiesta-electoral-se-llevo-a-cabo-para-elegir-y-relegitimar-voceros-de-los-consejos-comunales","status":"publish","type":"post","link":"https:\/\/elluchador.info\/?p=220200","title":{"rendered":"Fiesta electoral se llev\u00f3 a cabo para elegir y relegitimar voceros de los consejos comunales"},"content":{"rendered":"<p>Mediante la gesti\u00f3n Sergio Hern\u00e1ndez junto a las instituciones hermanas, luego de llevar a cabo los pasos de informaci\u00f3n para fortalecer los espacios comunales, se realiz\u00f3 la fiesta electoral para elegir y relegitimar a los voceros de los consejos comunales en el municipio Angostura del Orinoco.<\/p>\n<p>As\u00ed lo dio a conocer la directora del Poder\u00a0 Comunal, Yubisay Garc\u00eda, quien indic\u00f3 que de la mano de las instituciones hermanas durante dos meses se efectuaron las reuniones y de esta manera juramentar las comisiones y seguir avanzando en el fortalecimiento del poder comunal.<\/p>\n<p>\u201cEsto gracias a nuestro presidente, Nicol\u00e1s Maduro, el gobernador \u00c1ngel Marcano y nuestro alcalde comunero, Sergio Hern\u00e1ndez, quienes trabajan en el fortalecimiento de todos los espacios\u201d, dijo Garc\u00eda.<\/p>\n<p>Por lo que el pasado domingo se realiz\u00f3 la fiesta electoral en todas las parroquias del municipio Angostura del Orinoco de la mano con el CNE, para as\u00ed nombrar y ratificar las vocer\u00edas, todo esto es posible solo en revoluci\u00f3n.<\/p>\n<p>Garc\u00eda afirm\u00f3 que fue un evento lleno de alegr\u00eda y amor, donde las personas acudieron a votar por sus l\u00edderes, somos del pueblo y del pueblo venimos.<\/p>\n<p>Asimismo el subdirector del poder comunal municipal, Oswaldo P\u00e9rez, se\u00f1al\u00f3 que una vez m\u00e1s qued\u00f3 demostrado que la revoluci\u00f3n est\u00e1 en movimiento y transformando los espacios para el bienestar del pueblo.<\/p>\n<p><strong>Prensa Alcald\u00eda AO<\/strong><\/p>\n","protected":false},"excerpt":{"rendered":"<p>Mediante la gesti\u00f3n Sergio Hern\u00e1ndez junto a las instituciones hermanas, luego de llevar a cabo los pasos de informaci\u00f3n para fortalecer los espacios comunales, se realiz\u00f3 la fiesta electoral para elegir y relegitimar a los voceros de los consejos comunales en el municipio Angostura del Orinoco. As\u00ed lo dio a conocer la directora del Poder\u00a0 [&hellip;]<\/p>\n","protected":false},"author":19,"featured_media":220201,"comment_status":"closed","ping_status":"closed","sticky":false,"template":"","format":"standard","meta":{"footnotes":""},"categories":[20],"tags":[],"class_list":{"0":"post-220200","1":"post","2":"type-post","3":"status-publish","4":"format-standard","5":"has-post-thumbnail","7":"category-municipal"},"_links":{"self":[{"href":"https:\/\/elluchador.info\/index.php?rest_route=\/wp\/v2\/posts\/220200","targetHints":{"allow":["GET"]}}],"collection":[{"href":"https:\/\/elluchador.info\/index.php?rest_route=\/wp\/v2\/posts"}],"about":[{"href":"https:\/\/elluchador.info\/index.php?rest_route=\/wp\/v2\/types\/post"}],"author":[{"embeddable":true,"href":"https:\/\/elluchador.info\/index.php?rest_route=\/wp\/v2\/users\/19"}],"replies":[{"embeddable":true,"href":"https:\/\/elluchador.info\/index.php?rest_route=%2Fwp%2Fv2%2Fcomments&post=220200"}],"version-history":[{"count":1,"href":"https:\/\/elluchador.info\/index.php?rest_route=\/wp\/v2\/posts\/220200\/revisions"}],"predecessor-version":[{"id":220202,"href":"https:\/\/elluchador.info\/index.php?rest_route=\/wp\/v2\/posts\/220200\/revisions\/220202"}],"wp:featuredmedia":[{"embeddable":true,"href":"https:\/\/elluchador.info\/index.php?rest_route=\/wp\/v2\/media\/220201"}],"wp:attachment":[{"href":"https:\/\/elluchador.info\/index.php?rest_route=%2Fwp%2Fv2%2Fmedia&parent=220200"}],"wp:term":[{"taxonomy":"category","embeddable":true,"href":"https:\/\/elluchador.info\/index.php?rest_route=%2Fwp%2Fv2%2Fcategories&post=220200"},{"taxonomy":"post_tag","embeddable":true,"href":"https:\/\/elluchador.info\/index.php?rest_route=%2Fwp%2Fv2%2Ftags&post=220200"}],"curies":[{"name":"wp","href":"https:\/\/api.w.org\/{rel}","templated":true}]}}