{"id":223154,"date":"2022-09-06T12:10:17","date_gmt":"2022-09-06T16:10:17","guid":{"rendered":"https:\/\/elluchador.info\/web\/?p=223154"},"modified":"2022-09-06T12:10:17","modified_gmt":"2022-09-06T16:10:17","slug":"venezolanos-en-argentina-celebraron-el-dia-del-inmigrante","status":"publish","type":"post","link":"https:\/\/elluchador.info\/?p=223154","title":{"rendered":"Venezolanos en Argentina celebraron el D\u00eda del Inmigrante"},"content":{"rendered":"<p>La Embajada de Venezuela en Argentina enalteci\u00f3 la cultura, m\u00fasica y gastronom\u00eda venezolana con su participaci\u00f3n en el Festival de las Colectividades que se celebr\u00f3 este fin de semana en la Avenida de Mayo en Argentina.<\/p>\n<p>A trav\u00e9s de sus redes sociales en Twitter e Instagram la misi\u00f3n diplom\u00e1tica venezolana mostr\u00f3 c\u00f3mo fue su presencia en el Festival de las Colectividades organizado por la Direcci\u00f3n Nacional de Migraciones de Argentina para celebrar el D\u00eda del Inmigrante este 4 de septiembre.<\/p>\n<p>El d\u00eda s\u00e1bado el Alma Llanera invadi\u00f3 el escenario del Festival con las Danzas venezolanas Experimentales Ra\u00edces que fueron aplaudidas por todo el p\u00fablico presente y Tambor Pelenke.<\/p>\n<p>\u201cBuenos Aires alberga a m\u00e1s de 220 mil inmigrantes, convirti\u00e9ndonos as\u00ed en una de las ciudades m\u00e1s plurales y diversas del mundo. Por eso nos llena de alegr\u00eda poder seguir celebrando cada una de sus historias, tradiciones y costumbres que hoy forman parte de nuestra identidad\u201d, manifest\u00f3 Mercedes Barbara, directora General de Colectividades\u201d, rese\u00f1\u00f3 una nota de prensa del Gobierno de Buenos Aires.<\/p>\n<p>Con informaci\u00f3n de ultimasnoticias.com.ve<\/p>\n","protected":false},"excerpt":{"rendered":"<p>La Embajada de Venezuela en Argentina enalteci\u00f3 la cultura, m\u00fasica y gastronom\u00eda venezolana con su participaci\u00f3n en el Festival de las Colectividades que se celebr\u00f3 este fin de semana en la Avenida de Mayo en Argentina. A trav\u00e9s de sus redes sociales en Twitter e Instagram la misi\u00f3n diplom\u00e1tica venezolana mostr\u00f3 c\u00f3mo fue su presencia [&hellip;]<\/p>\n","protected":false},"author":19,"featured_media":223155,"comment_status":"closed","ping_status":"closed","sticky":false,"template":"","format":"standard","meta":{"footnotes":""},"categories":[8],"tags":[],"class_list":{"0":"post-223154","1":"post","2":"type-post","3":"status-publish","4":"format-standard","5":"has-post-thumbnail","7":"category-internacionales"},"_links":{"self":[{"href":"https:\/\/elluchador.info\/index.php?rest_route=\/wp\/v2\/posts\/223154","targetHints":{"allow":["GET"]}}],"collection":[{"href":"https:\/\/elluchador.info\/index.php?rest_route=\/wp\/v2\/posts"}],"about":[{"href":"https:\/\/elluchador.info\/index.php?rest_route=\/wp\/v2\/types\/post"}],"author":[{"embeddable":true,"href":"https:\/\/elluchador.info\/index.php?rest_route=\/wp\/v2\/users\/19"}],"replies":[{"embeddable":true,"href":"https:\/\/elluchador.info\/index.php?rest_route=%2Fwp%2Fv2%2Fcomments&post=223154"}],"version-history":[{"count":1,"href":"https:\/\/elluchador.info\/index.php?rest_route=\/wp\/v2\/posts\/223154\/revisions"}],"predecessor-version":[{"id":223156,"href":"https:\/\/elluchador.info\/index.php?rest_route=\/wp\/v2\/posts\/223154\/revisions\/223156"}],"wp:featuredmedia":[{"embeddable":true,"href":"https:\/\/elluchador.info\/index.php?rest_route=\/wp\/v2\/media\/223155"}],"wp:attachment":[{"href":"https:\/\/elluchador.info\/index.php?rest_route=%2Fwp%2Fv2%2Fmedia&parent=223154"}],"wp:term":[{"taxonomy":"category","embeddable":true,"href":"https:\/\/elluchador.info\/index.php?rest_route=%2Fwp%2Fv2%2Fcategories&post=223154"},{"taxonomy":"post_tag","embeddable":true,"href":"https:\/\/elluchador.info\/index.php?rest_route=%2Fwp%2Fv2%2Ftags&post=223154"}],"curies":[{"name":"wp","href":"https:\/\/api.w.org\/{rel}","templated":true}]}}