{"id":223876,"date":"2022-09-13T12:15:47","date_gmt":"2022-09-13T16:15:47","guid":{"rendered":"https:\/\/elluchador.info\/web\/?p=223876"},"modified":"2022-09-13T12:15:47","modified_gmt":"2022-09-13T16:15:47","slug":"el-papa-viaja-a-kazajistan-con-un-mensaje-de-paz-para-asia-central","status":"publish","type":"post","link":"https:\/\/elluchador.info\/?p=223876","title":{"rendered":"El papa viaja a Kazajist\u00e1n con un mensaje de paz para Asia Central"},"content":{"rendered":"<p>El papa Francisco emprendi\u00f3 este martes\u00a0 un viaje a Kazajist\u00e1n, donde permanecer\u00e1 hasta el 15 de septiembre, para participar en el Congreso de L\u00edderes de Religiones Mundiales y tradicionales en la capital Nursult\u00e1n, la antigua Astan\u00e1, desde donde se enviar\u00e1 un mensaje de paz en un momento de tensi\u00f3n internacional por la guerra en Ucrania.<\/p>\n<p>El papa, a quien los m\u00e9dicos desaconsejaron desplazarse a Ucrania en un futuro inmediato, despeg\u00f3 del aeropuerto romano de Fiumicino a las 07:35 horas en un avi\u00f3n de ITA Airways. Francisco, de 85 a\u00f1os, se desplaza en silla de ruedas por los dolores de rodilla, ha admitido que tiene que reducir el ritmo de viajes o plantearse abandonar el cargo.<\/p>\n<p>El domingo dijo que el 38\u00ba viaje desde su elecci\u00f3n en 2013 ser\u00eda \u00abuna oportunidad\u00bb para tener \u00abun di\u00e1logo como hermanos, animados por el deseo com\u00fan de paz, una paz de la que nuestro mundo est\u00e1 sediento\u00bb.<\/p>\n<p>El patriarca Kirill, el gran ausente<\/p>\n<p>Inicialmente se esperaba la presencia en la cumbre del patriarca Kirill de la Iglesia ortodoxa de Rusia, cercano al presidente Vladimir Putin, pero el religioso ruso anul\u00f3 su participaci\u00f3n sin dar razones, barriendo las esperanzas de Francisco de hablar con \u00e9l de la guerra en Ucrania. Las visiones de ambos l\u00edderes religiosos chocan en esta cuesti\u00f3n: el papa ha pedido la paz y denuncia \u00abuna guerra cruel y sin sentido\u00bb, mientras que Kirill defendi\u00f3 la \u00aboperaci\u00f3n militar\u00bb y la lucha contra \u00ablos enemigos internos y externos\u00bb de Rusia.<\/p>\n<p>Un centenar de delegaciones de unos 50 pa\u00edses participar\u00e1n los d\u00edas 14 y 15 de septiembre en este evento en Kazajist\u00e1n, una antigua rep\u00fablica sovi\u00e9tica que se independiz\u00f3 en 1991. \u00abEl di\u00e1logo, el acercamiento, la b\u00fasqueda de paz entre distintas religiones y mundos culturales est\u00e1n en el coraz\u00f3n de este viaje\u00bb, dijo el lunes el portavoz del Vaticano, Matteo Bruni.<\/p>\n<p>El papa debe aterrizar sobre las 18:00 horas (hora local, 14:00 CET) en Nursult\u00e1n, donde ser\u00e1 recibido por el presidente Kassym Jomart Tokayev y pronunciar\u00e1 un primer discurso ante las autoridades y el personal diplom\u00e1tico desde el palacio presidencial.<\/p>\n<p>El presidente chino est\u00e1 tambi\u00e9n en el pa\u00eds<\/p>\n<p>El mi\u00e9rcoles, Francisco protagonizar\u00e1 la apertura de la sesi\u00f3n plenaria del Congreso de L\u00edderes de Religiones Mundiales y Tradicionales y oficiar\u00e1 una misa por la tarde. El jueves cerrar\u00e1 su visita reuni\u00e9ndose con l\u00edderes cat\u00f3licos.<\/p>\n<p>El presidente chino Xi Jinping estar\u00e1 en este pa\u00eds de Asia Central al mismo tiempo que Francisco, pero no se espera ning\u00fan encuentro a pesar de las esperanzas del Vaticano de renovar un hist\u00f3rico acuerdo para nombrar a sus obispos en el gigante asi\u00e1tico.<\/p>\n<p>Al ser preguntado sobre la presencia de Xi en el avi\u00f3n, Francisco respondi\u00f3: \u00abYo de eso no tengo noticias, pero yo siempre estoy dispuesto a viajar a China\u00bb. El papa en varias ocasiones ha expresado su deseo de visitar este pa\u00eds con el que rompieron las relaciones en 1951. El jueves, d\u00eda 15, mantendr\u00e1 un encuentro con los obispos y el clero del pa\u00eds y concluir\u00e1 su participaci\u00f3n en el congreso con un discurso tras la lectura de la Declaraci\u00f3n final, antes de regresar al Vaticano.<\/p>\n<p>Con informaci\u00f3n de www.globovision.com<\/p>\n","protected":false},"excerpt":{"rendered":"<p>El papa Francisco emprendi\u00f3 este martes\u00a0 un viaje a Kazajist\u00e1n, donde permanecer\u00e1 hasta el 15 de septiembre, para participar en el Congreso de L\u00edderes de Religiones Mundiales y tradicionales en la capital Nursult\u00e1n, la antigua Astan\u00e1, desde donde se enviar\u00e1 un mensaje de paz en un momento de tensi\u00f3n internacional por la guerra en Ucrania. [&hellip;]<\/p>\n","protected":false},"author":19,"featured_media":223877,"comment_status":"closed","ping_status":"closed","sticky":false,"template":"","format":"standard","meta":{"footnotes":""},"categories":[8],"tags":[],"class_list":{"0":"post-223876","1":"post","2":"type-post","3":"status-publish","4":"format-standard","5":"has-post-thumbnail","7":"category-internacionales"},"_links":{"self":[{"href":"https:\/\/elluchador.info\/index.php?rest_route=\/wp\/v2\/posts\/223876","targetHints":{"allow":["GET"]}}],"collection":[{"href":"https:\/\/elluchador.info\/index.php?rest_route=\/wp\/v2\/posts"}],"about":[{"href":"https:\/\/elluchador.info\/index.php?rest_route=\/wp\/v2\/types\/post"}],"author":[{"embeddable":true,"href":"https:\/\/elluchador.info\/index.php?rest_route=\/wp\/v2\/users\/19"}],"replies":[{"embeddable":true,"href":"https:\/\/elluchador.info\/index.php?rest_route=%2Fwp%2Fv2%2Fcomments&post=223876"}],"version-history":[{"count":1,"href":"https:\/\/elluchador.info\/index.php?rest_route=\/wp\/v2\/posts\/223876\/revisions"}],"predecessor-version":[{"id":223878,"href":"https:\/\/elluchador.info\/index.php?rest_route=\/wp\/v2\/posts\/223876\/revisions\/223878"}],"wp:featuredmedia":[{"embeddable":true,"href":"https:\/\/elluchador.info\/index.php?rest_route=\/wp\/v2\/media\/223877"}],"wp:attachment":[{"href":"https:\/\/elluchador.info\/index.php?rest_route=%2Fwp%2Fv2%2Fmedia&parent=223876"}],"wp:term":[{"taxonomy":"category","embeddable":true,"href":"https:\/\/elluchador.info\/index.php?rest_route=%2Fwp%2Fv2%2Fcategories&post=223876"},{"taxonomy":"post_tag","embeddable":true,"href":"https:\/\/elluchador.info\/index.php?rest_route=%2Fwp%2Fv2%2Ftags&post=223876"}],"curies":[{"name":"wp","href":"https:\/\/api.w.org\/{rel}","templated":true}]}}