{"id":226891,"date":"2022-10-13T14:26:17","date_gmt":"2022-10-13T18:26:17","guid":{"rendered":"https:\/\/elluchador.info\/web\/?p=226891"},"modified":"2022-10-13T14:26:17","modified_gmt":"2022-10-13T18:26:17","slug":"guyana-pide-a-facebook-y-twitter-que-retiren-los-mapas-en-los-que-el-esequibo-se-muestra-como-parte-de-venezuela","status":"publish","type":"post","link":"https:\/\/elluchador.info\/?p=226891","title":{"rendered":"Guyana pide a Facebook y Twitter que retiren los mapas en los que el Esequibo se muestra como parte de Venezuela"},"content":{"rendered":"<p>El Gobierno de Guyana solicit\u00f3 el mi\u00e9rcoles a las redes sociales\u00a0Facebook y Twitter que retiren de sus plataformas los mapas en los que se muestra la regi\u00f3n de Esequibo como parte de Venezuela,\u00a0alegando una supuesta campa\u00f1a de desinformaci\u00f3n orquestada que puede da\u00f1ar las relaciones entre su pa\u00eds y Caracas.<\/p>\n<p>En concreto, el ministro de Exteriores de Guyana, Robert Persaud, envi\u00f3 una carta a los directores ejecutivos de Facebook y Twitter sosteniendo que\u00a0ciertos \u201cagentes\u201d hacen uso de sus redes sociales para propagar \u201cuna narrativa falsa\u201d\u00a0sobre el diferendo territorial de la regi\u00f3n de Esequibo,\u00a0pendiente por resolver\u00a0a la luz del Acuerdo de Ginebra de 1966.<\/p>\n<p>\u201cDeseo se\u00f1alar que las publicaciones de Facebook y Twitter y los comentarios posteriores en torno a las publicaciones en particular, tienen el potencial de da\u00f1ar permanentemente las relaciones entre los Estados,\u00a0incitar a la violencia contra el territorio y el pueblo de Guyana, y descarrilar el adjudicaci\u00f3n actual\u00a0del asunto ante la\u00a0Corte Internacional de Justicia\u00a0(CIJ)\u201d, expres\u00f3 Persaud, seg\u00fan un comunicado de la diplomacia guyanesa.<\/p>\n<p>El Ministro de Exteriores de Guyana insisti\u00f3 en que la frontera terrestre entre ambos pa\u00edses \u2014Guyana era la Guayana Brit\u00e1nica, una colonia de Reino Unido\u2014 fue resuelta mediante un proceso legal de Arbitraje Internacional el 3 de octubre de 1899. Sin embargo, \u00e9ste fue\u00a0declarado nulo e \u00edrrito por Venezuela al no haber tenido representaci\u00f3n, lo que precisamente gener\u00f3 el Acuerdo de Ginebra 67 a\u00f1os despu\u00e9s.<\/p>\n<h3 id=\"amenaza-de-uso-de-la-fuerza\">\u201cAmenaza de uso de la fuerza\u201d<\/h3>\n<p>\u201cEse l\u00edmite y el territorio correspondiente de Guyana son reconocidos internacionalmente, incluso por Naciones Unidas\u201d, espet\u00f3 Persaud en la carta.<\/p>\n<p>\u201cEn este sentido, solicito que este tipo de publicaciones en Facebook y Twitter que violan el principio b\u00e1sico de las relaciones internacionales entre los Estados, la soberan\u00eda y la integridad territorial de la Rep\u00fablica Cooperativa de Guyana e\u00a0incitan a una amenaza de uso de la fuerza contra Guyana a ser retirados de inmediato\u201c, agreg\u00f3.<\/p>\n<p>Estas declaraciones tuvieron lugar en un momento en el que se ha agudizado la disputa territorial de Esequibo,\u00a0hist\u00f3ricamente perteneciente a Venezuela pero bajo control de su vecino, despu\u00e9s de que Guyana intensificara sus labores de\u00a0exploraci\u00f3n de petr\u00f3leo\u00a0y minerales en la zona, rica en este tipo de recursos.<\/p>\n<p>No obstante, aunque las tensiones por el control de la regi\u00f3n rica en recursos minerales han persistido durante todo este tiempo,\u00a0desde enero de 2021 han agudizado\u00a0tras la insistencia del presidente de Venezuela, Nicol\u00e1s Maduro, de \u201creconquistar\u201d el territorio que \u201cdesde siempre\u201d ha pertenecido a su pa\u00eds.<\/p>\n<p>El 21 de enero de 2021,\u00a0la Armada venezolana intercept\u00f3 dos embarcaciones de pescadores de Guyana, alegando que estaban pescando ilegalmente en aguas venezolanas.<\/p>\n<p>Sumarium<\/p>\n","protected":false},"excerpt":{"rendered":"<p>El Gobierno de Guyana solicit\u00f3 el mi\u00e9rcoles a las redes sociales\u00a0Facebook y Twitter que retiren de sus plataformas los mapas en los que se muestra la regi\u00f3n de Esequibo como parte de Venezuela,\u00a0alegando una supuesta campa\u00f1a de desinformaci\u00f3n orquestada que puede da\u00f1ar las relaciones entre su pa\u00eds y Caracas. En concreto, el ministro de Exteriores [&hellip;]<\/p>\n","protected":false},"author":19,"featured_media":226894,"comment_status":"closed","ping_status":"closed","sticky":false,"template":"","format":"standard","meta":{"footnotes":""},"categories":[9],"tags":[],"class_list":{"0":"post-226891","1":"post","2":"type-post","3":"status-publish","4":"format-standard","5":"has-post-thumbnail","7":"category-nacionales"},"_links":{"self":[{"href":"https:\/\/elluchador.info\/index.php?rest_route=\/wp\/v2\/posts\/226891","targetHints":{"allow":["GET"]}}],"collection":[{"href":"https:\/\/elluchador.info\/index.php?rest_route=\/wp\/v2\/posts"}],"about":[{"href":"https:\/\/elluchador.info\/index.php?rest_route=\/wp\/v2\/types\/post"}],"author":[{"embeddable":true,"href":"https:\/\/elluchador.info\/index.php?rest_route=\/wp\/v2\/users\/19"}],"replies":[{"embeddable":true,"href":"https:\/\/elluchador.info\/index.php?rest_route=%2Fwp%2Fv2%2Fcomments&post=226891"}],"version-history":[{"count":1,"href":"https:\/\/elluchador.info\/index.php?rest_route=\/wp\/v2\/posts\/226891\/revisions"}],"predecessor-version":[{"id":226895,"href":"https:\/\/elluchador.info\/index.php?rest_route=\/wp\/v2\/posts\/226891\/revisions\/226895"}],"wp:featuredmedia":[{"embeddable":true,"href":"https:\/\/elluchador.info\/index.php?rest_route=\/wp\/v2\/media\/226894"}],"wp:attachment":[{"href":"https:\/\/elluchador.info\/index.php?rest_route=%2Fwp%2Fv2%2Fmedia&parent=226891"}],"wp:term":[{"taxonomy":"category","embeddable":true,"href":"https:\/\/elluchador.info\/index.php?rest_route=%2Fwp%2Fv2%2Fcategories&post=226891"},{"taxonomy":"post_tag","embeddable":true,"href":"https:\/\/elluchador.info\/index.php?rest_route=%2Fwp%2Fv2%2Ftags&post=226891"}],"curies":[{"name":"wp","href":"https:\/\/api.w.org\/{rel}","templated":true}]}}