{"id":226902,"date":"2022-10-13T14:37:31","date_gmt":"2022-10-13T18:37:31","guid":{"rendered":"https:\/\/elluchador.info\/web\/?p=226902"},"modified":"2022-10-13T14:37:31","modified_gmt":"2022-10-13T18:37:31","slug":"negacion-de-la-pandemia-mato-a-4-500-trabajadores-sanitarios-en-brasil-dice-estudio","status":"publish","type":"post","link":"https:\/\/elluchador.info\/?p=226902","title":{"rendered":"Negaci\u00f3n de la pandemia mat\u00f3 a 4.500 trabajadores sanitarios en Brasil, dice estudio"},"content":{"rendered":"<p>El negacionismo frente a la pandemia de la covid-19 caus\u00f3 la muerte de unos 4.500 trabajadores de la salud p\u00fablica y privada en Brasil, seg\u00fan un estudio divulgado este jueves 13 de octubre por la Internacional de Servicios P\u00fablicos (ISP).<\/p>\n<p><span id=\"more-101803\"><\/span>Esas muertes fueron registradas entre marzo de 2020 y diciembre de 2021, un per\u00edodo en que \u201cel Gobierno brasile\u00f1o neg\u00f3 la dimensi\u00f3n de la enfermedad\u201d y \u201catras\u00f3\u201d la compra de equipos b\u00e1sicos para el personal sanitario, dice parte del informe de la ISP<\/p>\n<p>\u201cFaltaron equipos de protecci\u00f3n, ox\u00edgeno, vacunas, medicamentos, y sobraron mensajes falsos y desaforados del Gobierno brasile\u00f1o\u201d, indic\u00f3 el estudio, en clara alusi\u00f3n al negacionismo que el \u00a0presidente Jair Bolsonaro mostr\u00f3 frente a una crisis sanitaria que ya ha matado a casi 690 mil \u00a0brasile\u00f1os y a\u00fan no ha sido totalmente superada.<\/p>\n<p>El informe de la ISP, elaborado sobre la base de datos oficiales, se\u00f1al\u00f3 adem\u00e1s que \u201cocho de cada de diez personas\u201d que murieron en Brasil \u201csalvando vidas durante la pandemia eran mujeres\u201d.<\/p>\n<p>La ISP, que tiene sede en Ginebra y est\u00e1 presente en 154 pa\u00edses, explic\u00f3 que 1.184 de los 4.500 muertos entre los sanitarios de Brasil en el per\u00edodo analizado eran enfermeros, cuyas plazas no pudieron ser cubiertas en forma inmediata.<\/p>\n<p><strong>Agencias<\/strong><\/p>\n","protected":false},"excerpt":{"rendered":"<p>El negacionismo frente a la pandemia de la covid-19 caus\u00f3 la muerte de unos 4.500 trabajadores de la salud p\u00fablica y privada en Brasil, seg\u00fan un estudio divulgado este jueves 13 de octubre por la Internacional de Servicios P\u00fablicos (ISP). Esas muertes fueron registradas entre marzo de 2020 y diciembre de 2021, un per\u00edodo en [&hellip;]<\/p>\n","protected":false},"author":19,"featured_media":226903,"comment_status":"closed","ping_status":"closed","sticky":false,"template":"","format":"standard","meta":{"footnotes":""},"categories":[19],"tags":[],"class_list":{"0":"post-226902","1":"post","2":"type-post","3":"status-publish","4":"format-standard","5":"has-post-thumbnail","7":"category-salud"},"_links":{"self":[{"href":"https:\/\/elluchador.info\/index.php?rest_route=\/wp\/v2\/posts\/226902","targetHints":{"allow":["GET"]}}],"collection":[{"href":"https:\/\/elluchador.info\/index.php?rest_route=\/wp\/v2\/posts"}],"about":[{"href":"https:\/\/elluchador.info\/index.php?rest_route=\/wp\/v2\/types\/post"}],"author":[{"embeddable":true,"href":"https:\/\/elluchador.info\/index.php?rest_route=\/wp\/v2\/users\/19"}],"replies":[{"embeddable":true,"href":"https:\/\/elluchador.info\/index.php?rest_route=%2Fwp%2Fv2%2Fcomments&post=226902"}],"version-history":[{"count":1,"href":"https:\/\/elluchador.info\/index.php?rest_route=\/wp\/v2\/posts\/226902\/revisions"}],"predecessor-version":[{"id":226904,"href":"https:\/\/elluchador.info\/index.php?rest_route=\/wp\/v2\/posts\/226902\/revisions\/226904"}],"wp:featuredmedia":[{"embeddable":true,"href":"https:\/\/elluchador.info\/index.php?rest_route=\/wp\/v2\/media\/226903"}],"wp:attachment":[{"href":"https:\/\/elluchador.info\/index.php?rest_route=%2Fwp%2Fv2%2Fmedia&parent=226902"}],"wp:term":[{"taxonomy":"category","embeddable":true,"href":"https:\/\/elluchador.info\/index.php?rest_route=%2Fwp%2Fv2%2Fcategories&post=226902"},{"taxonomy":"post_tag","embeddable":true,"href":"https:\/\/elluchador.info\/index.php?rest_route=%2Fwp%2Fv2%2Ftags&post=226902"}],"curies":[{"name":"wp","href":"https:\/\/api.w.org\/{rel}","templated":true}]}}