{"id":226945,"date":"2022-10-14T09:08:32","date_gmt":"2022-10-14T13:08:32","guid":{"rendered":"https:\/\/elluchador.info\/web\/?p=226945"},"modified":"2022-10-14T09:08:32","modified_gmt":"2022-10-14T13:08:32","slug":"aumenta-a-50-el-numero-de-fallecidos-por-deslave-en-las-tejerias","status":"publish","type":"post","link":"https:\/\/elluchador.info\/?p=226945","title":{"rendered":"Aumenta a 50 el n\u00famero de fallecidos por deslave en Las Tejer\u00edas"},"content":{"rendered":"<p>Aumentaron a 50, 7 m\u00e1s que en el \u00faltimo reporte ofrecido el martes, las personas fallecidas a causa del deslave del s\u00e1bado en Las Tejer\u00edas, inform\u00f3 este jueves el ministro de Interior y Justicia, Remigio Ceballos.<\/p>\n<p>\u00abAl momento, oficialmente, tenemos 50 personas que lamentablemente perdieron su vida y han sido entregados a sus familias\u00bb, dijo el funcionario en un balance ofrecido al canal Telesur.<\/p>\n<p>El ministro no se refiri\u00f3 al n\u00famero de desaparecidos, que suman 56, ni de casas arrasadas cifradas en 400 en el \u00faltimo reporte ofrecido el pasado martes por la vicepresidente ejecutiva, Delcy Rodr\u00edguez.<\/p>\n<p><strong>UNI\u00d3N RADIO<\/strong><\/p>\n","protected":false},"excerpt":{"rendered":"<p>Aumentaron a 50, 7 m\u00e1s que en el \u00faltimo reporte ofrecido el martes, las personas fallecidas a causa del deslave del s\u00e1bado en Las Tejer\u00edas, inform\u00f3 este jueves el ministro de Interior y Justicia, Remigio Ceballos. \u00abAl momento, oficialmente, tenemos 50 personas que lamentablemente perdieron su vida y han sido entregados a sus familias\u00bb, dijo [&hellip;]<\/p>\n","protected":false},"author":33,"featured_media":226946,"comment_status":"closed","ping_status":"closed","sticky":false,"template":"","format":"standard","meta":{"footnotes":""},"categories":[5,9],"tags":[],"class_list":{"0":"post-226945","1":"post","2":"type-post","3":"status-publish","4":"format-standard","5":"has-post-thumbnail","7":"category-destacado","8":"category-nacionales"},"_links":{"self":[{"href":"https:\/\/elluchador.info\/index.php?rest_route=\/wp\/v2\/posts\/226945","targetHints":{"allow":["GET"]}}],"collection":[{"href":"https:\/\/elluchador.info\/index.php?rest_route=\/wp\/v2\/posts"}],"about":[{"href":"https:\/\/elluchador.info\/index.php?rest_route=\/wp\/v2\/types\/post"}],"author":[{"embeddable":true,"href":"https:\/\/elluchador.info\/index.php?rest_route=\/wp\/v2\/users\/33"}],"replies":[{"embeddable":true,"href":"https:\/\/elluchador.info\/index.php?rest_route=%2Fwp%2Fv2%2Fcomments&post=226945"}],"version-history":[{"count":1,"href":"https:\/\/elluchador.info\/index.php?rest_route=\/wp\/v2\/posts\/226945\/revisions"}],"predecessor-version":[{"id":226947,"href":"https:\/\/elluchador.info\/index.php?rest_route=\/wp\/v2\/posts\/226945\/revisions\/226947"}],"wp:featuredmedia":[{"embeddable":true,"href":"https:\/\/elluchador.info\/index.php?rest_route=\/wp\/v2\/media\/226946"}],"wp:attachment":[{"href":"https:\/\/elluchador.info\/index.php?rest_route=%2Fwp%2Fv2%2Fmedia&parent=226945"}],"wp:term":[{"taxonomy":"category","embeddable":true,"href":"https:\/\/elluchador.info\/index.php?rest_route=%2Fwp%2Fv2%2Fcategories&post=226945"},{"taxonomy":"post_tag","embeddable":true,"href":"https:\/\/elluchador.info\/index.php?rest_route=%2Fwp%2Fv2%2Ftags&post=226945"}],"curies":[{"name":"wp","href":"https:\/\/api.w.org\/{rel}","templated":true}]}}