{"id":227068,"date":"2022-10-14T16:15:17","date_gmt":"2022-10-14T20:15:17","guid":{"rendered":"https:\/\/elluchador.info\/web\/?p=227068"},"modified":"2022-10-14T16:15:17","modified_gmt":"2022-10-14T20:15:17","slug":"caidv-hellen-keller-cuenta-nuevamente-con-area-de-tiflotecnologia","status":"publish","type":"post","link":"https:\/\/elluchador.info\/?p=227068","title":{"rendered":"CAIDV Hellen Keller cuenta nuevamente con \u00e1rea de tiflotecnolog\u00eda"},"content":{"rendered":"<p>Este viernes 14 de octubre\u00a0 se llev\u00f3 a cabo el acto de reinauguraci\u00f3n de la sala del Centro de Atenci\u00f3n Integral a la Persona con Discapacidad Visual\u00a0 \u00abCAIDV Hellen Keller\u00bb, ubicado al lado del Hospital Ru\u00edz y P\u00e1ez.<\/p>\n<p>\u201cCon esta recuperaci\u00f3n de la sala de tiflotecnolog\u00eda se logra contar con una mayor atenci\u00f3n a los ni\u00f1os, j\u00f3venes y adultos\u201d, as\u00ed lo manifest\u00f3 la directora de la\u00a0 instituci\u00f3n profesora Gledys Afanador.<\/p>\n<p>\u00abEl objetivo con la reactivaci\u00f3n de esta aula de tiflotecnolog\u00eda lo que se quiere es\u00a0 incorporar a todos los participantes que a pesar de su discapacidad visual, tengan acceso, al manejo y uso del internet y a las redes sociales\u00bb.<\/p>\n<p>\u00abUna actividad exitosa, con el logro de esta reactivaci\u00f3n, para dar herramientas necesarias para las personas que atendemos con discapacidad visual\u00bb, resalt\u00f3 la directiva de la instituci\u00f3n.<\/p>\n<p>Dando presente en la actividad la directora de Zona Educativa del estado Bol\u00edvar ( ZEB), Betzi Palma, profesora Adriana Romero, coordinadora de educaci\u00f3n especial, profesora Neris Lugo , jefa de divisi\u00f3n de ni\u00f1os, ni\u00f1as , j\u00f3venes con necesidades educativas especiales\u00a0 y el profesor Denis Puga coordinador de FUNDABIT.<\/p>\n<p>Adem\u00e1s de los equipos de directivos de atenci\u00f3n especial de las diferentes modalidades, supervisores de circuito 0502- 2006 Alcides Rodr\u00edguez, junto a todo el personal que labora en en CAIDV Hellen Keller.<\/p>\n<p>Yanitza Mart\u00ednez<\/p>\n","protected":false},"excerpt":{"rendered":"<p>Este viernes 14 de octubre\u00a0 se llev\u00f3 a cabo el acto de reinauguraci\u00f3n de la sala del Centro de Atenci\u00f3n Integral a la Persona con Discapacidad Visual\u00a0 \u00abCAIDV Hellen Keller\u00bb, ubicado al lado del Hospital Ru\u00edz y P\u00e1ez. \u201cCon esta recuperaci\u00f3n de la sala de tiflotecnolog\u00eda se logra contar con una mayor atenci\u00f3n a los [&hellip;]<\/p>\n","protected":false},"author":19,"featured_media":227069,"comment_status":"closed","ping_status":"closed","sticky":false,"template":"","format":"standard","meta":{"footnotes":""},"categories":[2],"tags":[],"class_list":{"0":"post-227068","1":"post","2":"type-post","3":"status-publish","4":"format-standard","5":"has-post-thumbnail","7":"category-comunidad"},"_links":{"self":[{"href":"https:\/\/elluchador.info\/index.php?rest_route=\/wp\/v2\/posts\/227068","targetHints":{"allow":["GET"]}}],"collection":[{"href":"https:\/\/elluchador.info\/index.php?rest_route=\/wp\/v2\/posts"}],"about":[{"href":"https:\/\/elluchador.info\/index.php?rest_route=\/wp\/v2\/types\/post"}],"author":[{"embeddable":true,"href":"https:\/\/elluchador.info\/index.php?rest_route=\/wp\/v2\/users\/19"}],"replies":[{"embeddable":true,"href":"https:\/\/elluchador.info\/index.php?rest_route=%2Fwp%2Fv2%2Fcomments&post=227068"}],"version-history":[{"count":1,"href":"https:\/\/elluchador.info\/index.php?rest_route=\/wp\/v2\/posts\/227068\/revisions"}],"predecessor-version":[{"id":227070,"href":"https:\/\/elluchador.info\/index.php?rest_route=\/wp\/v2\/posts\/227068\/revisions\/227070"}],"wp:featuredmedia":[{"embeddable":true,"href":"https:\/\/elluchador.info\/index.php?rest_route=\/wp\/v2\/media\/227069"}],"wp:attachment":[{"href":"https:\/\/elluchador.info\/index.php?rest_route=%2Fwp%2Fv2%2Fmedia&parent=227068"}],"wp:term":[{"taxonomy":"category","embeddable":true,"href":"https:\/\/elluchador.info\/index.php?rest_route=%2Fwp%2Fv2%2Fcategories&post=227068"},{"taxonomy":"post_tag","embeddable":true,"href":"https:\/\/elluchador.info\/index.php?rest_route=%2Fwp%2Fv2%2Ftags&post=227068"}],"curies":[{"name":"wp","href":"https:\/\/api.w.org\/{rel}","templated":true}]}}