{"id":228834,"date":"2022-11-01T17:26:50","date_gmt":"2022-11-01T21:26:50","guid":{"rendered":"https:\/\/elluchador.info\/web\/?p=228834"},"modified":"2022-11-01T17:26:50","modified_gmt":"2022-11-01T21:26:50","slug":"instagram-restablecio-su-servicio-tras-error-que-suspendio-algunas-cuentas","status":"publish","type":"post","link":"https:\/\/elluchador.info\/?p=228834","title":{"rendered":"Instagram restableci\u00f3 su servicio tras error que suspendi\u00f3 algunas cuentas"},"content":{"rendered":"<p>Instagram restableci\u00f3 su servicio tras una ca\u00edda mundial en la que se registr\u00f3 un error que imped\u00eda a algunos usuarios iniciar sesi\u00f3n en sus cuentas, que aparec\u00edan como bloqueadas o suspendidas.<\/p>\n<p>La red social propiedad de Meta registr\u00f3 los primeros problemas alrededor de las 8:00 am (hora Venezuela), registrando su pico m\u00e1s alto alrededor de las 9:00 am, seg\u00fan\u00a0Downdetector.<\/p>\n<p>Este portal indic\u00f3 entonces que este error hab\u00eda provocado la ca\u00edda de la red social a nivel mundial y que los principales problemas denunciados eran los intentos fallidos de inicio de sesi\u00f3n (en 72% de los casos), de inicio de la aplicaci\u00f3n (17%) y de carga o refresco de la interfaz (12%).<\/p>\n<p>Tras recibir quejas por parte de los usuarios, la compa\u00f1\u00eda confirm\u00f3 este error y anunci\u00f3 que estaba trabajando en darle una soluci\u00f3n. Unas horas despu\u00e9s, pidi\u00f3 disculpas a los afectados e indic\u00f3 que la incidencia ya estaba resuelta.<\/p>\n<p>\u00abEstaba causando que usuarios de distintas partes del mundo tuvieran problemas para acceder a sus cuentas y provoc\u00f3 un cambio temporal para algunos de ellos en torno al n\u00famero de seguidores. Lo sentimos\u00bb, indic\u00f3 la plataforma en un tuit.<\/p>\n<p>A pesar de haber informado de esta reactivaci\u00f3n, Instagram no se ha referido a qu\u00e9 podr\u00eda haber causado este error en la plataforma ni tampoco ha detallado el n\u00famero de usuarios afectados.<\/p>\n<p>EN<\/p>\n","protected":false},"excerpt":{"rendered":"<p>Instagram restableci\u00f3 su servicio tras una ca\u00edda mundial en la que se registr\u00f3 un error que imped\u00eda a algunos usuarios iniciar sesi\u00f3n en sus cuentas, que aparec\u00edan como bloqueadas o suspendidas. La red social propiedad de Meta registr\u00f3 los primeros problemas alrededor de las 8:00 am (hora Venezuela), registrando su pico m\u00e1s alto alrededor de [&hellip;]<\/p>\n","protected":false},"author":19,"featured_media":228835,"comment_status":"closed","ping_status":"closed","sticky":false,"template":"","format":"standard","meta":{"footnotes":""},"categories":[14],"tags":[],"class_list":{"0":"post-228834","1":"post","2":"type-post","3":"status-publish","4":"format-standard","5":"has-post-thumbnail","7":"category-tecnologia"},"_links":{"self":[{"href":"https:\/\/elluchador.info\/index.php?rest_route=\/wp\/v2\/posts\/228834","targetHints":{"allow":["GET"]}}],"collection":[{"href":"https:\/\/elluchador.info\/index.php?rest_route=\/wp\/v2\/posts"}],"about":[{"href":"https:\/\/elluchador.info\/index.php?rest_route=\/wp\/v2\/types\/post"}],"author":[{"embeddable":true,"href":"https:\/\/elluchador.info\/index.php?rest_route=\/wp\/v2\/users\/19"}],"replies":[{"embeddable":true,"href":"https:\/\/elluchador.info\/index.php?rest_route=%2Fwp%2Fv2%2Fcomments&post=228834"}],"version-history":[{"count":1,"href":"https:\/\/elluchador.info\/index.php?rest_route=\/wp\/v2\/posts\/228834\/revisions"}],"predecessor-version":[{"id":228836,"href":"https:\/\/elluchador.info\/index.php?rest_route=\/wp\/v2\/posts\/228834\/revisions\/228836"}],"wp:featuredmedia":[{"embeddable":true,"href":"https:\/\/elluchador.info\/index.php?rest_route=\/wp\/v2\/media\/228835"}],"wp:attachment":[{"href":"https:\/\/elluchador.info\/index.php?rest_route=%2Fwp%2Fv2%2Fmedia&parent=228834"}],"wp:term":[{"taxonomy":"category","embeddable":true,"href":"https:\/\/elluchador.info\/index.php?rest_route=%2Fwp%2Fv2%2Fcategories&post=228834"},{"taxonomy":"post_tag","embeddable":true,"href":"https:\/\/elluchador.info\/index.php?rest_route=%2Fwp%2Fv2%2Ftags&post=228834"}],"curies":[{"name":"wp","href":"https:\/\/api.w.org\/{rel}","templated":true}]}}