{"id":228848,"date":"2022-11-02T09:23:19","date_gmt":"2022-11-02T13:23:19","guid":{"rendered":"https:\/\/elluchador.info\/web\/?p=228848"},"modified":"2022-11-02T09:23:19","modified_gmt":"2022-11-02T13:23:19","slug":"maduro-y-petro-firman-una-declaracion-conjunta-en-miraflores","status":"publish","type":"post","link":"https:\/\/elluchador.info\/?p=228848","title":{"rendered":"Maduro y Petro firman una declaraci\u00f3n conjunta en Miraflores"},"content":{"rendered":"<p>El presidente de Venezuela, Nicol\u00e1s Maduro, y el mandatario de Colombia, Gustavo Petro, firmaron una declaraci\u00f3n conjunta en el Palacio de Miraflores, en Caracas, en el primer encuentro de ambos jefes de Estado.<\/p>\n<p>Es la primera visita de trabajo a la capital venezolana que realiza un ocupante de la Casa de Nari\u00f1o desde el a\u00f1o 2011, cuando el mandatario de Colombia Juan Manuel Santos se reuni\u00f3 con el entonces presidente venezolano Hugo Ch\u00e1vez en el contexto de la I Cumbre de la Comunidad de Estados Latinoamericanos y Caribe\u00f1os (Celac).<\/p>\n<p>\u201cHa sido un encuentro auspicioso con buenos resultados\u201d, expres\u00f3 Maduro tras la reuni\u00f3n de este martes con su hom\u00f3logo colombiano, al tiempo que recalc\u00f3 que de ahora en adelante Venezuela y Colombia fortalecer\u00e1n las relaciones.<\/p>\n<p>\u201cPresidente Petro, usted siempre ser\u00e1 bienvenido a nuestra patria, Venezuela\u201d, agreg\u00f3.<\/p>\n<p><strong>\u201cUn destino com\u00fan\u201d<\/strong><\/p>\n<p>As\u00ed, se\u00f1al\u00f3 que ambos conversaron sobre \u201cdiversos temas de cooperaci\u00f3n bilateral entre Colombia y Venezuela\u201c, a los que defini\u00f3 como dos pa\u00edses con \u201cun destino com\u00fan\u201d.<\/p>\n<p>La recepci\u00f3n se caracteriz\u00f3 por la ceremonia de honores correspondientes a la investidura de Petro por parte de la Agrupaci\u00f3n de Parada, quienes entonaron los himnos nacionales de Colombia y Venezuela.<\/p>\n<p>Despu\u00e9s del pase de revista a la Agrupaci\u00f3n de Parada, ambos mandatarios coincidieron en la Plaza Central del Palacio de Miraflores, donde fueron homenajeados con la presentaci\u00f3n de la Orquesta Alma Llanera del Distrito Capital, del Sistema Nacional de Orquestas y Coros Juveniles e Infantiles de Venezuela, que interpret\u00f3 los temas Porro N\u00b02 y El gab\u00e1n de Figueredo bajo la direcci\u00f3n de Edward Bogado.<\/p>\n<p>Una vez culminada la presentaci\u00f3n musical, los jefes de Estado de Colombia y Venezuela protagonizaron un encuentro privado para abordar los temas establecidos en la agenda.<\/p>\n<blockquote class=\"twitter-tweet\" data-width=\"550\" data-dnt=\"true\">\n<p lang=\"es\" dir=\"ltr\">Declaraci\u00f3n conjunta de los presidentes de la Rep\u00fablica Bolivariana de Venezuela y de la Rep\u00fablica de Colombia. <a href=\"https:\/\/t.co\/e7v28xpJkG\">pic.twitter.com\/e7v28xpJkG<\/a><\/p>\n<p>&mdash; Gustavo Petro (@petrogustavo) <a href=\"https:\/\/twitter.com\/petrogustavo\/status\/1587614618330988544?ref_src=twsrc%5Etfw\">November 2, 2022<\/a><\/p><\/blockquote>\n<p><script async src=\"https:\/\/platform.twitter.com\/widgets.js\" charset=\"utf-8\"><\/script><\/p>\n<p><strong>SUMAR\u00cdUM<\/strong><\/p>\n<p>&nbsp;<\/p>\n","protected":false},"excerpt":{"rendered":"<p>El presidente de Venezuela, Nicol\u00e1s Maduro, y el mandatario de Colombia, Gustavo Petro, firmaron una declaraci\u00f3n conjunta en el Palacio de Miraflores, en Caracas, en el primer encuentro de ambos jefes de Estado. Es la primera visita de trabajo a la capital venezolana que realiza un ocupante de la Casa de Nari\u00f1o desde el a\u00f1o [&hellip;]<\/p>\n","protected":false},"author":33,"featured_media":228849,"comment_status":"closed","ping_status":"closed","sticky":false,"template":"","format":"standard","meta":{"footnotes":""},"categories":[9],"tags":[],"class_list":{"0":"post-228848","1":"post","2":"type-post","3":"status-publish","4":"format-standard","5":"has-post-thumbnail","7":"category-nacionales"},"_links":{"self":[{"href":"https:\/\/elluchador.info\/index.php?rest_route=\/wp\/v2\/posts\/228848","targetHints":{"allow":["GET"]}}],"collection":[{"href":"https:\/\/elluchador.info\/index.php?rest_route=\/wp\/v2\/posts"}],"about":[{"href":"https:\/\/elluchador.info\/index.php?rest_route=\/wp\/v2\/types\/post"}],"author":[{"embeddable":true,"href":"https:\/\/elluchador.info\/index.php?rest_route=\/wp\/v2\/users\/33"}],"replies":[{"embeddable":true,"href":"https:\/\/elluchador.info\/index.php?rest_route=%2Fwp%2Fv2%2Fcomments&post=228848"}],"version-history":[{"count":1,"href":"https:\/\/elluchador.info\/index.php?rest_route=\/wp\/v2\/posts\/228848\/revisions"}],"predecessor-version":[{"id":228850,"href":"https:\/\/elluchador.info\/index.php?rest_route=\/wp\/v2\/posts\/228848\/revisions\/228850"}],"wp:featuredmedia":[{"embeddable":true,"href":"https:\/\/elluchador.info\/index.php?rest_route=\/wp\/v2\/media\/228849"}],"wp:attachment":[{"href":"https:\/\/elluchador.info\/index.php?rest_route=%2Fwp%2Fv2%2Fmedia&parent=228848"}],"wp:term":[{"taxonomy":"category","embeddable":true,"href":"https:\/\/elluchador.info\/index.php?rest_route=%2Fwp%2Fv2%2Fcategories&post=228848"},{"taxonomy":"post_tag","embeddable":true,"href":"https:\/\/elluchador.info\/index.php?rest_route=%2Fwp%2Fv2%2Ftags&post=228848"}],"curies":[{"name":"wp","href":"https:\/\/api.w.org\/{rel}","templated":true}]}}