{"id":228857,"date":"2022-11-02T10:18:21","date_gmt":"2022-11-02T14:18:21","guid":{"rendered":"https:\/\/elluchador.info\/web\/?p=228857"},"modified":"2022-11-02T10:18:21","modified_gmt":"2022-11-02T14:18:21","slug":"conoce-como-cuidar-la-herramienta-comunicacional-mas-poderosa-la-voz-2","status":"publish","type":"post","link":"https:\/\/elluchador.info\/?p=228857","title":{"rendered":"Conoce c\u00f3mo cuidar la herramienta comunicacional m\u00e1s poderosa: la voz"},"content":{"rendered":"<p>La otorrinolaring\u00f3loga, Teolinda de Morales, resalt\u00f3 la importancia del cuidado de la voz porque se trata del \u201cmejor medio de comunicaci\u00f3n\u201d que cumple funciones importantes para trabajar, hablar y cantar.<\/p>\n<p>En este sentido, la especialista se\u00f1al\u00f3 que, dependiendo del uso que le des a la voz, se debe tener un cuidado espec\u00edfico y particular, pero en general se debe mantener la v\u00eda respiratoria perfectamente estructurada y funcional para que se pueda producir el sonido de manera fluida.<\/p>\n<p>La otorrinolaring\u00f3loga recomend\u00f3 que, al hacer uso de la voz, se tome en cuenta el espacio, evitar conversar por tiempos prolongados o si se encuentra engripado, con infecciones respiratorias o alergias. A lo que agreg\u00f3 que, el cuidar la voz implica alimentarse bien, descansar, ejercitarse, no fumar, cuidar la higiene bucal y atender las alergias.<\/p>\n<p>Por otro lado, destac\u00f3 que una de las afecciones m\u00e1s comunes de la voz es la disfon\u00eda, la cual consiste en la p\u00e9rdida del timbre normal de la voz por trastorno funcional u org\u00e1nico de la laringe. Por lo que exhorta a atender y vigilar las cuerdas vocales y la respiraci\u00f3n.<\/p>\n<p>Finalmente, la doctora Teolinda de Morales dijo que, en caso de sospechar de alguna lesi\u00f3n en la voz, garganta y o\u00eddos, las personas deben acudir a consulta para que pueda ser diagnosticada y se le indique el tratamiento pertinente.<\/p>\n<p><strong>VTV<\/strong><\/p>\n","protected":false},"excerpt":{"rendered":"<p>La otorrinolaring\u00f3loga, Teolinda de Morales, resalt\u00f3 la importancia del cuidado de la voz porque se trata del \u201cmejor medio de comunicaci\u00f3n\u201d que cumple funciones importantes para trabajar, hablar y cantar. En este sentido, la especialista se\u00f1al\u00f3 que, dependiendo del uso que le des a la voz, se debe tener un cuidado espec\u00edfico y particular, pero [&hellip;]<\/p>\n","protected":false},"author":33,"featured_media":228861,"comment_status":"closed","ping_status":"closed","sticky":false,"template":"","format":"standard","meta":{"footnotes":""},"categories":[19],"tags":[],"class_list":{"0":"post-228857","1":"post","2":"type-post","3":"status-publish","4":"format-standard","5":"has-post-thumbnail","7":"category-salud"},"_links":{"self":[{"href":"https:\/\/elluchador.info\/index.php?rest_route=\/wp\/v2\/posts\/228857","targetHints":{"allow":["GET"]}}],"collection":[{"href":"https:\/\/elluchador.info\/index.php?rest_route=\/wp\/v2\/posts"}],"about":[{"href":"https:\/\/elluchador.info\/index.php?rest_route=\/wp\/v2\/types\/post"}],"author":[{"embeddable":true,"href":"https:\/\/elluchador.info\/index.php?rest_route=\/wp\/v2\/users\/33"}],"replies":[{"embeddable":true,"href":"https:\/\/elluchador.info\/index.php?rest_route=%2Fwp%2Fv2%2Fcomments&post=228857"}],"version-history":[{"count":1,"href":"https:\/\/elluchador.info\/index.php?rest_route=\/wp\/v2\/posts\/228857\/revisions"}],"predecessor-version":[{"id":228862,"href":"https:\/\/elluchador.info\/index.php?rest_route=\/wp\/v2\/posts\/228857\/revisions\/228862"}],"wp:featuredmedia":[{"embeddable":true,"href":"https:\/\/elluchador.info\/index.php?rest_route=\/wp\/v2\/media\/228861"}],"wp:attachment":[{"href":"https:\/\/elluchador.info\/index.php?rest_route=%2Fwp%2Fv2%2Fmedia&parent=228857"}],"wp:term":[{"taxonomy":"category","embeddable":true,"href":"https:\/\/elluchador.info\/index.php?rest_route=%2Fwp%2Fv2%2Fcategories&post=228857"},{"taxonomy":"post_tag","embeddable":true,"href":"https:\/\/elluchador.info\/index.php?rest_route=%2Fwp%2Fv2%2Ftags&post=228857"}],"curies":[{"name":"wp","href":"https:\/\/api.w.org\/{rel}","templated":true}]}}