{"id":228880,"date":"2022-11-02T11:11:15","date_gmt":"2022-11-02T15:11:15","guid":{"rendered":"https:\/\/elluchador.info\/web\/?p=228880"},"modified":"2022-11-02T11:11:15","modified_gmt":"2022-11-02T15:11:15","slug":"lasso-hara-duo-con-juan-gabriel","status":"publish","type":"post","link":"https:\/\/elluchador.info\/?p=228880","title":{"rendered":"Lasso har\u00e1 d\u00fao con Juan Gabriel"},"content":{"rendered":"<p>El cantante venezolano Andr\u00e9s Lazo, conocido como Lasso, participar\u00e1 en la tercera entrega de \u00e1lbumes de duetos del \u00edcono mexicano Juan Gabriel, Los D\u00fao 3.<\/p>\n<p>El int\u00e9rprete de \u00abOjos marrones\u00bb, su m\u00e1s reciente \u00e9xito, comparti\u00f3 en sus historias de Instagram la noticia. \u00abEs absurdamente surreal que voy a tener un d\u00fao con Juan Gabriel\u00bb, escribi\u00f3 el artista, quien interpretar\u00e1 el tema \u00abYo no nac\u00ed para amar\u00bb, publicado en 1980.<\/p>\n<p>Adem\u00e1s de Lasso, en el \u00e1lbum tambi\u00e9n participar\u00e1n artista como Gloria Trevi, Mon Laferte, Danna Paola, Anah\u00ed, Charles Aznavour y George Benson, entre otros.<\/p>\n<p>Los d\u00faos 3, el primer \u00e1lbum p\u00f3stumo de Juan Gabriel, estar\u00e1 compuesto por 14 temas que estar\u00e1n disponibles a partir del pr\u00f3ximo 11 de noviembre. \u00abEl \u00e1lbum presenta una lista de colaboradores repleta de estrellas de varios g\u00e9neros y \u00e9pocas de la m\u00fasica que seguramente deleitar\u00e1 y sorprender\u00e1 a los fan\u00e1ticos de Juanga\u00bb, dice la publicaci\u00f3n desde la cuenta de Instagram de uno de los m\u00e1s prol\u00edficos compositores de la m\u00fasica hispanoamericana.<\/p>\n<p>Lasso abri\u00f3 concierto de los Jonas Brothers y cant\u00f3 con Sebasti\u00e1n Yatra en Los \u00c1ngeles<br \/>\nEn los \u00faltimos meses, Lasso no ha dejado de cosechar \u00e9xitos para su carrera. Entre ellos destaca \u00abOjos marrones\u00bb, tema que ha figurado en los playlist m\u00e1s importantes de Spotify e, incluso, estuvo en el Top 200 de canciones m\u00e1s escuchadas del mundo.<\/p>\n<p>Recientemente, el venezolano public\u00f3 un remix de la canci\u00f3n junto al cantante colombiano Sebasti\u00e1n Yatra, que tuvo una buena receptividad entre los fan\u00e1ticos de ambos artistas.<\/p>\n<p>Asimismo, el fin de semana del lanzamiento del tema, Lasso abri\u00f3 el concierto de los Jonas Brothers en Monterrey, M\u00e9xico, y cant\u00f3 junto a Sebasti\u00e1n Yatra en Los \u00c1ngeles la nueva versi\u00f3n de la canci\u00f3n.<\/p>\n<p>A trav\u00e9s de sus redes sociales, Lasso comparti\u00f3 una foto junto a Nick, Joe y Kevin durante el show que ofreci\u00f3 el grupo de hermanos en Ciudad de M\u00e9xico. \u00abAdivinen qui\u00e9n es el cuarto Jonas\u00bb, escribi\u00f3 junto a la imagen.<\/p>\n<p><strong>EL NACIONAL<\/strong><\/p>\n","protected":false},"excerpt":{"rendered":"<p>El cantante venezolano Andr\u00e9s Lazo, conocido como Lasso, participar\u00e1 en la tercera entrega de \u00e1lbumes de duetos del \u00edcono mexicano Juan Gabriel, Los D\u00fao 3. El int\u00e9rprete de \u00abOjos marrones\u00bb, su m\u00e1s reciente \u00e9xito, comparti\u00f3 en sus historias de Instagram la noticia. \u00abEs absurdamente surreal que voy a tener un d\u00fao con Juan Gabriel\u00bb, escribi\u00f3 [&hellip;]<\/p>\n","protected":false},"author":33,"featured_media":228882,"comment_status":"closed","ping_status":"closed","sticky":false,"template":"","format":"standard","meta":{"footnotes":""},"categories":[7],"tags":[],"class_list":{"0":"post-228880","1":"post","2":"type-post","3":"status-publish","4":"format-standard","5":"has-post-thumbnail","7":"category-entretenimiento"},"_links":{"self":[{"href":"https:\/\/elluchador.info\/index.php?rest_route=\/wp\/v2\/posts\/228880","targetHints":{"allow":["GET"]}}],"collection":[{"href":"https:\/\/elluchador.info\/index.php?rest_route=\/wp\/v2\/posts"}],"about":[{"href":"https:\/\/elluchador.info\/index.php?rest_route=\/wp\/v2\/types\/post"}],"author":[{"embeddable":true,"href":"https:\/\/elluchador.info\/index.php?rest_route=\/wp\/v2\/users\/33"}],"replies":[{"embeddable":true,"href":"https:\/\/elluchador.info\/index.php?rest_route=%2Fwp%2Fv2%2Fcomments&post=228880"}],"version-history":[{"count":1,"href":"https:\/\/elluchador.info\/index.php?rest_route=\/wp\/v2\/posts\/228880\/revisions"}],"predecessor-version":[{"id":228883,"href":"https:\/\/elluchador.info\/index.php?rest_route=\/wp\/v2\/posts\/228880\/revisions\/228883"}],"wp:featuredmedia":[{"embeddable":true,"href":"https:\/\/elluchador.info\/index.php?rest_route=\/wp\/v2\/media\/228882"}],"wp:attachment":[{"href":"https:\/\/elluchador.info\/index.php?rest_route=%2Fwp%2Fv2%2Fmedia&parent=228880"}],"wp:term":[{"taxonomy":"category","embeddable":true,"href":"https:\/\/elluchador.info\/index.php?rest_route=%2Fwp%2Fv2%2Fcategories&post=228880"},{"taxonomy":"post_tag","embeddable":true,"href":"https:\/\/elluchador.info\/index.php?rest_route=%2Fwp%2Fv2%2Ftags&post=228880"}],"curies":[{"name":"wp","href":"https:\/\/api.w.org\/{rel}","templated":true}]}}