{"id":229595,"date":"2022-11-08T16:06:26","date_gmt":"2022-11-08T20:06:26","guid":{"rendered":"https:\/\/elluchador.info\/web\/?p=229595"},"modified":"2022-11-08T16:06:26","modified_gmt":"2022-11-08T20:06:26","slug":"maduro-y-john-kerry-sostienen-breve-encuentro-en-egipto","status":"publish","type":"post","link":"https:\/\/elluchador.info\/?p=229595","title":{"rendered":"Maduro y John Kerry sostienen breve encuentro en Egipto"},"content":{"rendered":"<div class=\"entry-content\">\n<p>El presidente de Venezuela,\u00a0Nicol\u00e1s Maduro, y el enviado presidencial especial de Estados Unidos para el Clima,\u00a0John Kerry, sostuvieron un breve encuentro este martes durante la 27\u00b0 Conferencia de las Naciones Unidas sobre el Cambio Clim\u00e1tico en Egipto.<\/p>\n<p>El mandatario venezolano aprovech\u00f3 la oportunidad para acercarse a\u00a0Kerry, quien se encontraba sentado hablando con una comitiva,\u00a0para estrechar su mano y decirle unas palabras.<\/p>\n<p>El funcionario estadounidense se levant\u00f3 de la silla y correspondi\u00f3 el saludo. En un video publicado por el periodista Joshua Goodman en su cuenta de Twitter se puede escuchar cuando Maduro le pregunt\u00f3: \u201c\u00bfC\u00f3mo est\u00e1s t\u00fa?\u201d.<\/p>\n<p>Luego de algunas palabras, el exsecretario de Estado de EE. UU. le manifest\u00f3 a Maduro: \u201cYo tambi\u00e9n promet\u00ed ir a verle, pero finalmente no se dieron las cosas\u201c.<\/p>\n<p>El di\u00e1logo entre ambos dur\u00f3 menos de 20 segundos, y concluy\u00f3 con Maduro dese\u00e1ndole suerte a Kerry.<\/p>\n<figure class=\"wp-block-embed is-type-rich is-provider-twitter wp-block-embed-twitter\">\n<div class=\"wp-block-embed__wrapper\">\n<div class=\"twitter-tweet twitter-tweet-rendered\"><iframe id=\"twitter-widget-0\" class=\"\" title=\"Twitter Tweet\" src=\"https:\/\/platform.twitter.com\/embed\/Tweet.html?creatorScreenName=sumariumcom&amp;dnt=true&amp;embedId=twitter-widget-0&amp;features=eyJ0ZndfdGltZWxpbmVfbGlzdCI6eyJidWNrZXQiOlsibGlua3RyLmVlIiwidHIuZWUiLCJ0ZXJyYS5jb20uYnIiLCJ3d3cubGlua3RyLmVlIiwid3d3LnRyLmVlIiwid3d3LnRlcnJhLmNvbS5iciJdLCJ2ZXJzaW9uIjpudWxsfSwidGZ3X2hvcml6b25fdGltZWxpbmVfMTIwMzQiOnsiYnVja2V0IjoidHJlYXRtZW50IiwidmVyc2lvbiI6bnVsbH0sInRmd190d2VldF9lZGl0X2JhY2tlbmQiOnsiYnVja2V0Ijoib24iLCJ2ZXJzaW9uIjpudWxsfSwidGZ3X3JlZnNyY19zZXNzaW9uIjp7ImJ1Y2tldCI6Im9uIiwidmVyc2lvbiI6bnVsbH0sInRmd19jaGluX3BpbGxzXzE0NzQxIjp7ImJ1Y2tldCI6ImNvbG9yX2ljb25zIiwidmVyc2lvbiI6bnVsbH0sInRmd190d2VldF9yZXN1bHRfbWlncmF0aW9uXzEzOTc5Ijp7ImJ1Y2tldCI6InR3ZWV0X3Jlc3VsdCIsInZlcnNpb24iOm51bGx9LCJ0Zndfc2Vuc2l0aXZlX21lZGlhX2ludGVyc3RpdGlhbF8xMzk2MyI6eyJidWNrZXQiOiJpbnRlcnN0aXRpYWwiLCJ2ZXJzaW9uIjpudWxsfSwidGZ3X2V4cGVyaW1lbnRzX2Nvb2tpZV9leHBpcmF0aW9uIjp7ImJ1Y2tldCI6MTIwOTYwMCwidmVyc2lvbiI6bnVsbH0sInRmd19kdXBsaWNhdGVfc2NyaWJlc190b19zZXR0aW5ncyI6eyJidWNrZXQiOiJvbiIsInZlcnNpb24iOm51bGx9LCJ0ZndfdmlkZW9faGxzX2R5bmFtaWNfbWFuaWZlc3RzXzE1MDgyIjp7ImJ1Y2tldCI6InRydWVfYml0cmF0ZSIsInZlcnNpb24iOm51bGx9LCJ0Zndfc2hvd19ibHVlX3ZlcmlmaWVkX2JhZGdlIjp7ImJ1Y2tldCI6Im9mZiIsInZlcnNpb24iOm51bGx9LCJ0ZndfdHdlZXRfZWRpdF9mcm9udGVuZCI6eyJidWNrZXQiOiJvbiIsInZlcnNpb24iOm51bGx9fQ%3D%3D&amp;frame=false&amp;hideCard=false&amp;hideThread=false&amp;id=1589987696747122688&amp;lang=es&amp;origin=https%3A%2F%2Fsumarium.info%2F2022%2F11%2F08%2Fmaduro-y-john-kerry-sostienen-breve-encuentro-en-egipto%2F&amp;sessionId=fb4294b6fe317f617e0f6b495df994d395db9596&amp;siteScreenName=sumariumcom&amp;theme=light&amp;widgetsVersion=a3525f077c700%3A1667415560940&amp;width=550px\" frameborder=\"0\" scrolling=\"no\" allowfullscreen=\"allowfullscreen\" data-tweet-id=\"1589987696747122688\" data-mce-fragment=\"1\"><\/iframe><\/div>\n<\/div>\n<\/figure>\n<h2 id=\"en-contexto\">En contexto<\/h2>\n<p>El encuentro ocurre un d\u00eda despu\u00e9s de la breve conversaci\u00f3n entre\u00a0Maduro y su hom\u00f3logo franc\u00e9s, Emmanuel Macron.<\/p>\n<p>Un video que se multiplic\u00f3 en las redes sociales muestra el momento en el que los mandatarios se encontraron en un pasillo del Centro Internacional de Convenciones de Sharm el-Sheij, donde se desarrollaba el evento, se saludaron y estrecharon las manos.<\/p>\n<p>\u201c\u00bfCu\u00e1ndo nos visita?\u201d, dijo Maduro, tras estrechar la mano a Macron.<\/p>\n<p>\u201cHay que conseguir un camino.\u00a0El continente se est\u00e1 recomponiendo, hay un camino que tenemos que reconstruir (\u2026). Me encantar\u00eda que pudi\u00e9ramos hablar un poco m\u00e1s, que pudi\u00e9ramos comenzar un trabajo bilateral que sea \u00fatil para el pa\u00eds y la regi\u00f3n\u201d, respondi\u00f3 Macron, seg\u00fan la traducci\u00f3n de la int\u00e9rprete del mandatario venezolano.<\/p>\n<p>En la conversaci\u00f3n informal, Maduro confirm\u00f3 que Jorge Rodr\u00edguez, presidente de la Asamblea Nacional (AN) y jefe de la delegaci\u00f3n oficialista en los di\u00e1logos con la oposici\u00f3n en M\u00e9xico,\u00a0participar\u00e1 en el Foro de Par\u00eds por la Paz, que ser\u00e1 celebrado este viernes y s\u00e1bado.<\/p>\n<p>\u201cA la orden. Por all\u00e1 para la conferencia va un enviado, Jorge Rodr\u00edguez.\u00a0Con \u00e9l puedes hablar en confianza, con \u00e9l puedes hablar en confianza absoluta.\u00a0\u00c9l es el presidente de la Asamblea Nacional\u201d, respondi\u00f3 Maduro.<\/p>\n<p>\u201cPresidente, yo lo voy a llamar\u201d, replic\u00f3 Macron.<\/p>\n<p>\u201cExcelente apret\u00f3n de manos con el presidente de Francia, Emmanuel Macron, en el marco de la COP27\u202f, que es sin duda un punto de encuentro entre los gobiernos y pa\u00edses del mundo. Las puertas de Venezuela est\u00e1n abiertas para el pueblo franc\u00e9s\u201c, escribi\u00f3 Maduro en su cuenta de Twitter, despu\u00e9s del encuentro.<\/p>\n<p>Desde su llegada a Egipto, el mandatario venezolano ha sostenido encuentros bilaterales con el presidente de Suriname y el primer ministro de Antigua y Barbuda para revisar la agenda de cooperaci\u00f3n, entre otros.<\/p>\n<\/div>\n<div class=\"cs-entry__after-share-buttons\">\n<div class=\"pk-share-buttons-wrap pk-share-buttons-layout-equal pk-share-buttons-scheme-bold-bg pk-share-buttons-after-post pk-share-buttons-mode-php pk-share-buttons-mode-rest\" data-post-id=\"38823\" data-share-url=\"https:\/\/sumarium.info\/2022\/11\/08\/maduro-y-john-kerry-sostienen-breve-encuentro-en-egipto\/\">\n<div class=\"pk-share-buttons-items\">\n<div class=\"pk-share-buttons-item pk-share-buttons-facebook pk-share-buttons-no-count\" data-id=\"facebook\">Sumarium<\/div>\n<div class=\"pk-share-buttons-item pk-share-buttons-twitter pk-share-buttons-no-count\" data-id=\"twitter\"><\/div>\n<\/div>\n<\/div>\n<\/div>\n","protected":false},"excerpt":{"rendered":"<p>El presidente de Venezuela,\u00a0Nicol\u00e1s Maduro, y el enviado presidencial especial de Estados Unidos para el Clima,\u00a0John Kerry, sostuvieron un breve encuentro este martes durante la 27\u00b0 Conferencia de las Naciones Unidas sobre el Cambio Clim\u00e1tico en Egipto. El mandatario venezolano aprovech\u00f3 la oportunidad para acercarse a\u00a0Kerry, quien se encontraba sentado hablando con una comitiva,\u00a0para estrechar [&hellip;]<\/p>\n","protected":false},"author":19,"featured_media":229597,"comment_status":"closed","ping_status":"closed","sticky":false,"template":"","format":"standard","meta":{"footnotes":""},"categories":[9],"tags":[],"class_list":{"0":"post-229595","1":"post","2":"type-post","3":"status-publish","4":"format-standard","5":"has-post-thumbnail","7":"category-nacionales"},"_links":{"self":[{"href":"https:\/\/elluchador.info\/index.php?rest_route=\/wp\/v2\/posts\/229595","targetHints":{"allow":["GET"]}}],"collection":[{"href":"https:\/\/elluchador.info\/index.php?rest_route=\/wp\/v2\/posts"}],"about":[{"href":"https:\/\/elluchador.info\/index.php?rest_route=\/wp\/v2\/types\/post"}],"author":[{"embeddable":true,"href":"https:\/\/elluchador.info\/index.php?rest_route=\/wp\/v2\/users\/19"}],"replies":[{"embeddable":true,"href":"https:\/\/elluchador.info\/index.php?rest_route=%2Fwp%2Fv2%2Fcomments&post=229595"}],"version-history":[{"count":1,"href":"https:\/\/elluchador.info\/index.php?rest_route=\/wp\/v2\/posts\/229595\/revisions"}],"predecessor-version":[{"id":229598,"href":"https:\/\/elluchador.info\/index.php?rest_route=\/wp\/v2\/posts\/229595\/revisions\/229598"}],"wp:featuredmedia":[{"embeddable":true,"href":"https:\/\/elluchador.info\/index.php?rest_route=\/wp\/v2\/media\/229597"}],"wp:attachment":[{"href":"https:\/\/elluchador.info\/index.php?rest_route=%2Fwp%2Fv2%2Fmedia&parent=229595"}],"wp:term":[{"taxonomy":"category","embeddable":true,"href":"https:\/\/elluchador.info\/index.php?rest_route=%2Fwp%2Fv2%2Fcategories&post=229595"},{"taxonomy":"post_tag","embeddable":true,"href":"https:\/\/elluchador.info\/index.php?rest_route=%2Fwp%2Fv2%2Ftags&post=229595"}],"curies":[{"name":"wp","href":"https:\/\/api.w.org\/{rel}","templated":true}]}}