{"id":230342,"date":"2022-11-15T15:19:22","date_gmt":"2022-11-15T19:19:22","guid":{"rendered":"https:\/\/elluchador.info\/web\/?p=230342"},"modified":"2022-11-15T15:19:22","modified_gmt":"2022-11-15T19:19:22","slug":"cinco-desaparecidos-por-alud-de-tierra-tras-lluvias-en-colombia","status":"publish","type":"post","link":"https:\/\/elluchador.info\/?p=230342","title":{"rendered":"Cinco desaparecidos por alud de tierra tras lluvias en Colombia"},"content":{"rendered":"<p>Uno de los aludes de tierra provocados por las intensas lluvias en el norte de Santander, Colombia, dej\u00f3 hasta este martes cinco personas de un mismo n\u00facleo familiar desaparecidas en la localidad de Villa Caro, report\u00f3 Telesur.<\/p>\n<p>Los organismos de rescate no han logrado mayores avances debido a que el alud se mantiene activo, informaron las autoridades locales.<\/p>\n<p>De igual forma reportaron que 150 personas fueron evacuadas y est\u00e1n recibiendo ayuda y asistencia en una instituci\u00f3n escolar del municipio.<\/p>\n<p>Las autoridades locales han confirmado que en el norte de Santander hay 8.132 familias damnificadas por las intensas lluvias de la temporada invernal en Colombia.<\/p>\n<p>Entretanto, la v\u00eda C\u00facuta-Pamplona que estaba cerrada por varios derrumbes ya fue habilitada luego de permanecer por dos d\u00edas cerrada.<\/p>\n<p>En ese sentido, las autoridades mantienen un monitoreo permanente a las emergencias que dejan como los municipios m\u00e1s afectados a Villa Caro, Pamplona, C\u00facuta, Tib\u00fa, Convenci\u00f3n, Hacar\u00ed y Oca\u00f1a.<\/p>\n<p><strong>Capital de Colombia declara calamidad p\u00fablica<\/strong><\/p>\n<p>La alcaldesa de la capital colombiana, Claudia L\u00f3pez, declar\u00f3 el domingo la calamidad p\u00fablica debido a las fuertes lluvias que este fin de semana dejaron al menos dos personas muertas y una desaparecida, report\u00f3 Telesur.<\/p>\n<p>L\u00f3pez agreg\u00f3 que las labores iniciadas el pasado domingo han permitido \u00abempezar a remover escombros\u00bb y se habilitaron \u00abtres albergues\u00bb para 46 familias afectadas por las lluvias.<\/p>\n<p>Por otra parte, la Alcald\u00eda de La Calera tambi\u00e9n hab\u00eda declarado la calamidad p\u00fablica para ejecutar las acciones de remoci\u00f3n de lodo y escombros frente a las afectaciones y da\u00f1os causados por las lluvias.<\/p>\n<p>La temporada invernal en Colombia, agravada por el fen\u00f3meno de La Ni\u00f1a, sigue provocando estragos a lo largo y ancho del pa\u00eds.<\/p>\n<p>La temporada de lluvias ha dejado en lo que va de a\u00f1o 205 muertos, de acuerdo con la informaci\u00f3n consolidada por la Unidad Nacional para la Gesti\u00f3n del Riesgo de Desastres (UNGRD).<\/p>\n<p>A esa cifra se suman 281 heridos, 53 desaparecidos y cerca de medio mill\u00f3n de personas afectadas, as\u00ed como 5.858 viviendas destruidas y 77.816 casas afectadas. Las muertes superan por mucho las de a\u00f1os recientes.<\/p>\n<p><strong>\u00daLTIMAS NOTICIAS<\/strong><\/p>\n","protected":false},"excerpt":{"rendered":"<p>Uno de los aludes de tierra provocados por las intensas lluvias en el norte de Santander, Colombia, dej\u00f3 hasta este martes cinco personas de un mismo n\u00facleo familiar desaparecidas en la localidad de Villa Caro, report\u00f3 Telesur. Los organismos de rescate no han logrado mayores avances debido a que el alud se mantiene activo, informaron [&hellip;]<\/p>\n","protected":false},"author":33,"featured_media":230343,"comment_status":"closed","ping_status":"closed","sticky":false,"template":"","format":"standard","meta":{"footnotes":""},"categories":[8],"tags":[],"class_list":{"0":"post-230342","1":"post","2":"type-post","3":"status-publish","4":"format-standard","5":"has-post-thumbnail","7":"category-internacionales"},"_links":{"self":[{"href":"https:\/\/elluchador.info\/index.php?rest_route=\/wp\/v2\/posts\/230342","targetHints":{"allow":["GET"]}}],"collection":[{"href":"https:\/\/elluchador.info\/index.php?rest_route=\/wp\/v2\/posts"}],"about":[{"href":"https:\/\/elluchador.info\/index.php?rest_route=\/wp\/v2\/types\/post"}],"author":[{"embeddable":true,"href":"https:\/\/elluchador.info\/index.php?rest_route=\/wp\/v2\/users\/33"}],"replies":[{"embeddable":true,"href":"https:\/\/elluchador.info\/index.php?rest_route=%2Fwp%2Fv2%2Fcomments&post=230342"}],"version-history":[{"count":1,"href":"https:\/\/elluchador.info\/index.php?rest_route=\/wp\/v2\/posts\/230342\/revisions"}],"predecessor-version":[{"id":230344,"href":"https:\/\/elluchador.info\/index.php?rest_route=\/wp\/v2\/posts\/230342\/revisions\/230344"}],"wp:featuredmedia":[{"embeddable":true,"href":"https:\/\/elluchador.info\/index.php?rest_route=\/wp\/v2\/media\/230343"}],"wp:attachment":[{"href":"https:\/\/elluchador.info\/index.php?rest_route=%2Fwp%2Fv2%2Fmedia&parent=230342"}],"wp:term":[{"taxonomy":"category","embeddable":true,"href":"https:\/\/elluchador.info\/index.php?rest_route=%2Fwp%2Fv2%2Fcategories&post=230342"},{"taxonomy":"post_tag","embeddable":true,"href":"https:\/\/elluchador.info\/index.php?rest_route=%2Fwp%2Fv2%2Ftags&post=230342"}],"curies":[{"name":"wp","href":"https:\/\/api.w.org\/{rel}","templated":true}]}}