{"id":230407,"date":"2022-11-15T18:24:47","date_gmt":"2022-11-15T22:24:47","guid":{"rendered":"https:\/\/elluchador.info\/web\/?p=230407"},"modified":"2022-11-15T18:24:47","modified_gmt":"2022-11-15T22:24:47","slug":"delcy-rodriguez-fue-recibida-en-la-corte-internacional-de-justicia-por-audiencia-sobre-el-esequibo","status":"publish","type":"post","link":"https:\/\/elluchador.info\/?p=230407","title":{"rendered":"Delcy Rodr\u00edguez fue recibida en la Corte Internacional de Justicia por audiencia sobre el Esequibo"},"content":{"rendered":"<p>La vicepresidenta fue recibida este martes 15 de noviembre por representantes del Ministerio de Relaciones Exteriores de Pa\u00edses Bajos debido a su visita a ese pa\u00eds con motivo de participar en las audiencias que se llevan a cabo en la Corte Internacional de Justicia sobre el Esequibo.<\/p>\n<p>A mediados de junio de 2022, Nicol\u00e1s Maduro design\u00f3 una comisi\u00f3n conformada por el representante de Venezuela ante la ONU, Samuel Moncada; el actual embajador de Venezuela en Colombia, F\u00e9lix Plasencia; y la profesora de la Universidad Central de Venezuela, Elsie Rosales Garc\u00eda, como representantes de nuestro pa\u00eds ante la Corte Internacional de Justicia (CIJ) en el diferendo con Guyana por el Esequibo; con el 7 de octubre como fecha inicial para presentarse en la instancia.<\/p>\n<p>Venezuela y Guyana disputan el territorio Esequibo desde hace m\u00e1s de 100 a\u00f1os. Georgetown defiende la validez del Laudo Arbitral de Par\u00eds de 1899, en el que se le despoja a Caracas la jurisdicci\u00f3n de esa extensi\u00f3n de tierra; mientras que el Acuerdo de Ginebra de 1966 es el que Venezuela considera v\u00e1lido para buscar una salida pac\u00edfica a la situaci\u00f3n.<\/p>\n<p>La disputa aument\u00f3 luego de que la trasnacional ExxonMobil hallara en 2015 un importante yacimiento de petr\u00f3leo en aguas territoriales del Esequibo. La jurisdicci\u00f3n del caso la pas\u00f3 las Naciones Unidas a la CIJ por considerar que el \u00abbuen oficiante\u00bb, figura que estaba mediando en esta disputa, no fue efectiva<\/p>\n<p>\u00daltimas Noticias<\/p>\n","protected":false},"excerpt":{"rendered":"<p>La vicepresidenta fue recibida este martes 15 de noviembre por representantes del Ministerio de Relaciones Exteriores de Pa\u00edses Bajos debido a su visita a ese pa\u00eds con motivo de participar en las audiencias que se llevan a cabo en la Corte Internacional de Justicia sobre el Esequibo. A mediados de junio de 2022, Nicol\u00e1s Maduro [&hellip;]<\/p>\n","protected":false},"author":19,"featured_media":230408,"comment_status":"closed","ping_status":"closed","sticky":false,"template":"","format":"standard","meta":{"footnotes":""},"categories":[9],"tags":[],"class_list":{"0":"post-230407","1":"post","2":"type-post","3":"status-publish","4":"format-standard","5":"has-post-thumbnail","7":"category-nacionales"},"_links":{"self":[{"href":"https:\/\/elluchador.info\/index.php?rest_route=\/wp\/v2\/posts\/230407","targetHints":{"allow":["GET"]}}],"collection":[{"href":"https:\/\/elluchador.info\/index.php?rest_route=\/wp\/v2\/posts"}],"about":[{"href":"https:\/\/elluchador.info\/index.php?rest_route=\/wp\/v2\/types\/post"}],"author":[{"embeddable":true,"href":"https:\/\/elluchador.info\/index.php?rest_route=\/wp\/v2\/users\/19"}],"replies":[{"embeddable":true,"href":"https:\/\/elluchador.info\/index.php?rest_route=%2Fwp%2Fv2%2Fcomments&post=230407"}],"version-history":[{"count":1,"href":"https:\/\/elluchador.info\/index.php?rest_route=\/wp\/v2\/posts\/230407\/revisions"}],"predecessor-version":[{"id":230409,"href":"https:\/\/elluchador.info\/index.php?rest_route=\/wp\/v2\/posts\/230407\/revisions\/230409"}],"wp:featuredmedia":[{"embeddable":true,"href":"https:\/\/elluchador.info\/index.php?rest_route=\/wp\/v2\/media\/230408"}],"wp:attachment":[{"href":"https:\/\/elluchador.info\/index.php?rest_route=%2Fwp%2Fv2%2Fmedia&parent=230407"}],"wp:term":[{"taxonomy":"category","embeddable":true,"href":"https:\/\/elluchador.info\/index.php?rest_route=%2Fwp%2Fv2%2Fcategories&post=230407"},{"taxonomy":"post_tag","embeddable":true,"href":"https:\/\/elluchador.info\/index.php?rest_route=%2Fwp%2Fv2%2Ftags&post=230407"}],"curies":[{"name":"wp","href":"https:\/\/api.w.org\/{rel}","templated":true}]}}