{"id":230410,"date":"2022-11-15T18:29:51","date_gmt":"2022-11-15T22:29:51","guid":{"rendered":"https:\/\/elluchador.info\/web\/?p=230410"},"modified":"2022-11-15T18:29:51","modified_gmt":"2022-11-15T22:29:51","slug":"el-consumo-excesivo-de-alcohol-se-relaciona-con-mas-de-200-enfermedades","status":"publish","type":"post","link":"https:\/\/elluchador.info\/?p=230410","title":{"rendered":"El consumo excesivo de alcohol se relaciona con m\u00e1s de 200 enfermedades"},"content":{"rendered":"<p>Con motivo del\u00a0D\u00eda Mundial sin Alcohol\u00a0(15 de noviembre), los m\u00e9dicos de la SEMI reiteran que \u201cning\u00fan consumo de alcohol puede considerarse seguro\u201d y que \u201cel riesgo cero en alcohol no existe\u201d.<\/p>\n<p>Seg\u00fan esta sociedad m\u00e9dica, en Espa\u00f1a exist\u00edan\u00a044\u00a0unidades de\u00a0desintoxicaci\u00f3n\u00a0hospitalaria en 2020.<\/p>\n<p>El doctor\u00a0Daniel Fuster Mart\u00ed, miembro de la Unidad de Adicciones del Hospital Universitario Germans Trias i Pujol de Barcelona\u00a0explica: \u201cLa desintoxicaci\u00f3n es el proceso supervisado m\u00e9dicamente en el que el paciente deja de consumir la sustancia que le produce el trastorno por uso\u201d.<\/p>\n<p>\u201cEn este proceso -prosigue- se mitigan los posibles problemas que puedan suceder durante el s\u00edndrome de abstinencia, se puede aprovechar para evaluar la presencia de comorbilidad m\u00e9dica y se puede inducir a tratamiento para prevenir la reca\u00edda en el consumo\u201d.<\/p>\n<h2>Efectos negativos en la salud<\/h2>\n<p>El consumo excesivo de alcohol puede acarrear graves problemas en la salud, as\u00ed como la presencia de adicciones. Concretamente, se asocia con m\u00e1s de 200 enfermedades.<\/p>\n<p>\u201cEs factor de riesgo para el desarrollo de m\u00faltiples patolog\u00edas como la cirrosis hep\u00e1tica,\u00a0pancreatitis, osteoporosis, hipertensi\u00f3n arterial, insuficiencia card\u00edaca, ictus, demencia y neoplasias, entre otras\u201d, se\u00f1ala la\u00a0doctora Candelaria Mart\u00edn del Servicio de Medicina Interna del Hospital Universitario de Canarias.<\/p>\n<p>Tambi\u00e9n a\u00f1ade que el\u00a012%\u00a0de todos los c\u00e1nceres tienen relaci\u00f3n directa con el consumo de alcohol, y si adem\u00e1s existe consumo de\u00a0tabaco, el riesgo de desarrollar neoplasias se multiplica entre\u00a010 y 100 veces.<\/p>\n<h2>Motivos principales de ingreso<\/h2>\n<p>En cuanto a los motivos principales por los que se hace necesario el ingreso hospitalario de pacientes con trastorno por uso de alcohol u otras drogas, destacan:\u00a0intoxicaciones\u00a0o\u00a0sobredosis,\u00a0abstinencia aguda, y complicaciones m\u00e9dicas asociadas, como la\u00a0infecci\u00f3n de partes blandas,\u00a0encefalopat\u00eda de Wernicke,\u00a0hepatitis aguda alcoh\u00f3lica, entre otras.<\/p>\n<p>\u201cEs un problema con predominio del sexo masculino en una proporci\u00f3n de entre 3-4 hombres por cada mujer\u201d, aclara el\u00a0doctor Fuster.<\/p>\n<p>El\u00a0perfil\u00a0ha ido cambiando. Ahora es el de un hombre de alrededor de 50 a\u00f1os con mayor prevalencia de problemas hep\u00e1ticos asociados al uso de alcohol, de problemas de salud cardiovascular y comorbilidades t\u00edpicas de personas de mayor edad (deterioro cognitivo, c\u00e1ncer\u2026).<\/p>\n<p>Por otro lado, en el caso de\u00a0personas de edad avanzada\u00a0se sabe que el consumo de alcohol puede provocar interacciones con m\u00faltiples f\u00e1rmacos, un aumento del riesgo de ca\u00eddas e incrementar el riesgo de eventos cardiovasculares, entre otras complicaciones que suelen estar presentes en personas de m\u00e1s de 80 a\u00f1os.<\/p>\n<h2>Sustancias psicoactivas m\u00e1s consumidas a diario<\/h2>\n<div class=\"wp-block-image\">\n<figure class=\"aligncenter size-large is-resized\"><img loading=\"lazy\" decoding=\"async\" class=\"wp-image-291748 lazyautosizes lazyloaded\" style=\"box-sizing: border-box; height: auto; max-width: 100%; border-style: none; vertical-align: bottom; transition: all 0.3s ease-out 0s; display: inline-block; margin-bottom: 15px;\" src=\"https:\/\/efesalud.com\/wp-content\/uploads\/2022\/11\/Alcohol-consumo-jovenes-1-1024x683.jpg\" sizes=\"auto, 600px\" srcset=\"https:\/\/efesalud.com\/wp-content\/uploads\/2022\/11\/Alcohol-consumo-jovenes-1-1024x683.jpg 1024w, https:\/\/efesalud.com\/wp-content\/uploads\/2022\/11\/Alcohol-consumo-jovenes-1-300x200.jpg 300w, https:\/\/efesalud.com\/wp-content\/uploads\/2022\/11\/Alcohol-consumo-jovenes-1-768x512.jpg 768w, https:\/\/efesalud.com\/wp-content\/uploads\/2022\/11\/Alcohol-consumo-jovenes-1-1536x1024.jpg 1536w, https:\/\/efesalud.com\/wp-content\/uploads\/2022\/11\/Alcohol-consumo-jovenes-1-1200x800.jpg 1200w, https:\/\/efesalud.com\/wp-content\/uploads\/2022\/11\/Alcohol-consumo-jovenes-1.jpg 1920w\" alt=\"Alcohol consumo j\u00f3venes\" width=\"600\" height=\"400\" data-attachment-id=\"291748\" data-permalink=\"https:\/\/efesalud.com\/alcohol-consumo-riesgos-salud\/alcohol-consumo-jovenes-2\/\" data-orig-file=\"https:\/\/efesalud.com\/wp-content\/uploads\/2022\/11\/Alcohol-consumo-jovenes-1.jpg\" data-orig-size=\"1920,1280\" data-comments-opened=\"0\" data-image-meta=\"{&quot;aperture&quot;:&quot;0&quot;,&quot;credit&quot;:&quot;&quot;,&quot;camera&quot;:&quot;&quot;,&quot;caption&quot;:&quot;&quot;,&quot;created_timestamp&quot;:&quot;0&quot;,&quot;copyright&quot;:&quot;&quot;,&quot;focal_length&quot;:&quot;0&quot;,&quot;iso&quot;:&quot;0&quot;,&quot;shutter_speed&quot;:&quot;0&quot;,&quot;title&quot;:&quot;&quot;,&quot;orientation&quot;:&quot;0&quot;}\" data-image-title=\"Alcohol-consumo-j\u00f3venes\" data-image-description=\"\" data-image-caption=\"&lt;p&gt;EFE\/ Biel Ali\u00f1o&lt;\/p&gt;\n\" data-medium-file=\"https:\/\/efesalud.com\/wp-content\/uploads\/2022\/11\/Alcohol-consumo-jovenes-1-300x200.jpg\" data-large-file=\"https:\/\/efesalud.com\/wp-content\/uploads\/2022\/11\/Alcohol-consumo-jovenes-1-1024x683.jpg\" data-src=\"https:\/\/efesalud.com\/wp-content\/uploads\/2022\/11\/Alcohol-consumo-jovenes-1-1024x683.jpg\" data-srcset=\"https:\/\/efesalud.com\/wp-content\/uploads\/2022\/11\/Alcohol-consumo-jovenes-1-1024x683.jpg 1024w, https:\/\/efesalud.com\/wp-content\/uploads\/2022\/11\/Alcohol-consumo-jovenes-1-300x200.jpg 300w, https:\/\/efesalud.com\/wp-content\/uploads\/2022\/11\/Alcohol-consumo-jovenes-1-768x512.jpg 768w, https:\/\/efesalud.com\/wp-content\/uploads\/2022\/11\/Alcohol-consumo-jovenes-1-1536x1024.jpg 1536w, https:\/\/efesalud.com\/wp-content\/uploads\/2022\/11\/Alcohol-consumo-jovenes-1-1200x800.jpg 1200w, https:\/\/efesalud.com\/wp-content\/uploads\/2022\/11\/Alcohol-consumo-jovenes-1.jpg 1920w\" data-sizes=\"auto\" \/><figcaption class=\"wp-element-caption\">EFE\/ Biel Ali\u00f1o<\/figcaption><\/figure>\n<\/div>\n<p>La \u00faltima encuesta del\u00a0Plan Nacional sobre Drogas\u00a0(datos de 2019-2020 publicados en 2021) refleja que las sustancias psicoactivas m\u00e1s consumidas en la poblaci\u00f3n general a diario, son el\u00a0tabaco\u00a0(32,3%), el\u00a0alcohol\u00a0(8,8%) y el\u00a0cannabis\u00a0(2,9%).<\/p>\n<p>Sin embargo, si hablamos de porcentaje de poblaci\u00f3n que ha consumido alguna sustancia psicoactiva en el \u00faltimo a\u00f1o, el primer puesto es para el\u00a0alcohol\u00a0(77,2%).<\/p>\n<h2>La SEE pide etiquetado con advertencias<\/h2>\n<p>A ra\u00edz de esto, la\u00a0Sociedad Espa\u00f1ola de Epidemiolog\u00eda (SEE)\u00a0ha lanzado una campa\u00f1a compuesta por tres v\u00eddeos para concienciar a la poblaci\u00f3n de los riesgos que el consumo de alcohol acarrea sobre la salud y de la influencia de la publicidad de esta sustancia entre los j\u00f3venes.<\/p>\n<p>La\u00a0<a href=\"https:\/\/seepidemiologia.es\/\" rel=\"nofollow\" data-wpel-link=\"external\">SEE\u00a0<\/a>reclama que se empiece a obligar a las empresas que producen bebidas alcoh\u00f3licas a colocar etiquetas con la\u00a0informaci\u00f3n nutricional\u00a0de sus productos y\u00a0advertencias\u00a0sobre los da\u00f1os que produce el consumo de alcohol.<\/p>\n<p>Segun la SEE, una copa de vino o una ca\u00f1a de cerveza contiene unas 120 calor\u00edas, o hasta 450 calor\u00edas si se trata de bebidas de alta graduaci\u00f3n, sin aportar ning\u00fan nutriente de valor para el organismo, ya que son \u201ccalor\u00edas vac\u00edas\u201d.<\/p>\n<h2>Los j\u00f3venes, el grupo que m\u00e1s alcohol consume<\/h2>\n<p>El\u00a070%\u00a0de los adolescentes de entre 14 y 17 a\u00f1os bebieron alcohol a lo largo del \u00faltimo da\u00f1o, y uno de cada tres se ha emborrachado en el \u00faltimo mes, indica la SEE.<\/p>\n<p>Un consumo que est\u00e1 estrechamente relacionado con la exposici\u00f3n a la publicidad, ya que hay una cantidad numerosa de mensajes que incitan al consumo de alcohol (terrazas, bares, redes sociales\u2026).<\/p>\n<p>La campa\u00f1a promovida por esta sociedad m\u00e9dica propone llevar a cabo una regulaci\u00f3n de la publicidad en estos soportes, puesto que una menor promoci\u00f3n publicitaria de las marcas de bebidas alcoh\u00f3licas est\u00e1 asociada a un menor consumo.<\/p>\n<figure class=\"wp-block-embed is-type-video is-provider-youtube wp-block-embed-youtube wp-embed-aspect-16-9 wp-has-aspect-ratio\">\n<div class=\"wp-block-embed__wrapper\">EFE<\/div>\n<\/figure>\n","protected":false},"excerpt":{"rendered":"<p>Con motivo del\u00a0D\u00eda Mundial sin Alcohol\u00a0(15 de noviembre), los m\u00e9dicos de la SEMI reiteran que \u201cning\u00fan consumo de alcohol puede considerarse seguro\u201d y que \u201cel riesgo cero en alcohol no existe\u201d. Seg\u00fan esta sociedad m\u00e9dica, en Espa\u00f1a exist\u00edan\u00a044\u00a0unidades de\u00a0desintoxicaci\u00f3n\u00a0hospitalaria en 2020. El doctor\u00a0Daniel Fuster Mart\u00ed, miembro de la Unidad de Adicciones del Hospital Universitario Germans [&hellip;]<\/p>\n","protected":false},"author":19,"featured_media":230411,"comment_status":"closed","ping_status":"closed","sticky":false,"template":"","format":"standard","meta":{"footnotes":""},"categories":[19],"tags":[],"class_list":{"0":"post-230410","1":"post","2":"type-post","3":"status-publish","4":"format-standard","5":"has-post-thumbnail","7":"category-salud"},"_links":{"self":[{"href":"https:\/\/elluchador.info\/index.php?rest_route=\/wp\/v2\/posts\/230410","targetHints":{"allow":["GET"]}}],"collection":[{"href":"https:\/\/elluchador.info\/index.php?rest_route=\/wp\/v2\/posts"}],"about":[{"href":"https:\/\/elluchador.info\/index.php?rest_route=\/wp\/v2\/types\/post"}],"author":[{"embeddable":true,"href":"https:\/\/elluchador.info\/index.php?rest_route=\/wp\/v2\/users\/19"}],"replies":[{"embeddable":true,"href":"https:\/\/elluchador.info\/index.php?rest_route=%2Fwp%2Fv2%2Fcomments&post=230410"}],"version-history":[{"count":1,"href":"https:\/\/elluchador.info\/index.php?rest_route=\/wp\/v2\/posts\/230410\/revisions"}],"predecessor-version":[{"id":230412,"href":"https:\/\/elluchador.info\/index.php?rest_route=\/wp\/v2\/posts\/230410\/revisions\/230412"}],"wp:featuredmedia":[{"embeddable":true,"href":"https:\/\/elluchador.info\/index.php?rest_route=\/wp\/v2\/media\/230411"}],"wp:attachment":[{"href":"https:\/\/elluchador.info\/index.php?rest_route=%2Fwp%2Fv2%2Fmedia&parent=230410"}],"wp:term":[{"taxonomy":"category","embeddable":true,"href":"https:\/\/elluchador.info\/index.php?rest_route=%2Fwp%2Fv2%2Fcategories&post=230410"},{"taxonomy":"post_tag","embeddable":true,"href":"https:\/\/elluchador.info\/index.php?rest_route=%2Fwp%2Fv2%2Ftags&post=230410"}],"curies":[{"name":"wp","href":"https:\/\/api.w.org\/{rel}","templated":true}]}}