{"id":230413,"date":"2022-11-15T18:32:23","date_gmt":"2022-11-15T22:32:23","guid":{"rendered":"https:\/\/elluchador.info\/web\/?p=230413"},"modified":"2022-11-15T18:32:23","modified_gmt":"2022-11-15T22:32:23","slug":"virus-respiratorio-sincitial-primera-causa-de-infeccion-respiratoria-en-ninos","status":"publish","type":"post","link":"https:\/\/elluchador.info\/?p=230413","title":{"rendered":"Virus Respiratorio Sincitial: primera causa de infecci\u00f3n respiratoria en ni\u00f1os"},"content":{"rendered":"<p>El virus respiratorio sincitial tiene una alta frecuencia en ni\u00f1os, concretamente en lactantes y en la primera infancia, que puede derivar en una infecci\u00f3n en los pulmones y en otras v\u00edas respiratorias. Y, ahora en los meses de m\u00e1s frio, se produce un aumento de casos y de hospitalizaciones.<\/p>\n<p>\u201cEs un virus que afecta a todo el mundo pero las complicaciones que provoca son diferentes seg\u00fan la edad. Produce un proceso respiratorio agudo que transcurre como un catarro normal en ni\u00f1os mayores y personas de edad media. Sin embargo, en los dos extremos de la vida, puede producir un proceso respiratorio con obstrucci\u00f3n bronquial y con dificultad respiratoria grave\u201d, explica la\u00a0doctora Teresa Cenarro, vicepresidenta de la Asociaci\u00f3n Espa\u00f1ola de Pediatr\u00eda de Atenci\u00f3n Primaria (AEPap).<\/p>\n<h2>\u00bfA qui\u00e9n afecta?<\/h2>\n<p>Afecta con mayor riesgo de gravedad a los ni\u00f1os prematuros menores de seis meses, beb\u00e9s con problemas pulmonares cr\u00f3nicos, con cardiopat\u00edas cong\u00e9nitas o que est\u00e1n inmunodeprimidos (debilitamiento del sistema inmunitario).<\/p>\n<p>Adem\u00e1s, la infecci\u00f3n por VRS puede llegar a desencadenar en neumon\u00eda y\u00a0<a href=\"https:\/\/efesalud.com\/coronavirus-bronquiolitis-virus-sincitial-doble-amenaza-bebes\/\" data-wpel-link=\"internal\">bronquiolitis<\/a>\u00a0(hinchaz\u00f3n y acumulaci\u00f3n de moco en las v\u00edas respiratorias m\u00e1s peque\u00f1as de los pulmones de ni\u00f1os menores de un a\u00f1o), que supone el\u00a018%\u00a0de todas las hospitalizaciones pedi\u00e1tricas.<\/p>\n<h2>Sintomatolog\u00eda y transmisi\u00f3n<\/h2>\n<p>\u201cLos primeros s\u00edntomas del VRS suelen ser el goteo nasal y estornudos, unos s\u00edntomas similares a los de cualquier resfriado. En el caso de los ni\u00f1os peque\u00f1os, la evoluci\u00f3n puede complicarse con una tos m\u00e1s fuerte, dificultad respiratoria, malestar, p\u00e9rdida de apetito\u2026\u201d, aclara la doctora.<\/p>\n<p>Tambi\u00e9n a\u00f1ade que hay un porcentaje elevado de ni\u00f1os que requieren de hospitalizaci\u00f3n para controlar la dificultad respiratoria.<\/p>\n<p>A la hora de contagiarse, el\u00a0doctor Manuel S\u00e1nchez Luna, presidente de la Sociedad Espa\u00f1ola de Neonatolog\u00eda, explica: \u201cEl VRS se transmite f\u00e1cilmente al estornudar, toser o tocar algo que pueda tener el virus\u201d.<\/p>\n<p>Se puede transmitir de\u00a0tres formas:<\/p>\n<ul>\n<li>Contacto: es el caso de personas que se tocan, besan o comparten tazas y cubiertos.<\/li>\n<li>Manos sin lavar: el virus puede sobrevivir 30 minutos o m\u00e1s en las manos sin lavar.<\/li>\n<li>Objetos y superficies: puede sobrevivir hasta 6 horas en las superficies, los juguetes, los teclados o los pomos de las puertas.<\/li>\n<\/ul>\n<div class=\"wp-block-image\">\n<figure class=\"aligncenter size-full is-resized\"><img loading=\"lazy\" decoding=\"async\" class=\"wp-image-291501 lazyautosizes lazyloaded\" style=\"box-sizing: border-box; height: auto; max-width: 100%; border-style: none; vertical-align: bottom; transition: all 0.3s ease-out 0s; display: inline-block; margin-bottom: 15px;\" src=\"https:\/\/efesalud.com\/wp-content\/uploads\/2022\/11\/Virus-respiratorio-ninos.jpg\" sizes=\"auto, 600px\" srcset=\"https:\/\/efesalud.com\/wp-content\/uploads\/2022\/11\/Virus-respiratorio-ninos.jpg 900w, https:\/\/efesalud.com\/wp-content\/uploads\/2022\/11\/Virus-respiratorio-ninos-300x200.jpg 300w, https:\/\/efesalud.com\/wp-content\/uploads\/2022\/11\/Virus-respiratorio-ninos-768x512.jpg 768w\" alt=\"Virus respiratorio ni\u00f1os\" width=\"600\" height=\"400\" data-attachment-id=\"291501\" data-permalink=\"https:\/\/efesalud.com\/virus-respiratorio-ninos-prevencion\/virus-respiratorio-ninos\/\" data-orig-file=\"https:\/\/efesalud.com\/wp-content\/uploads\/2022\/11\/Virus-respiratorio-ninos.jpg\" data-orig-size=\"900,600\" data-comments-opened=\"0\" data-image-meta=\"{&quot;aperture&quot;:&quot;0&quot;,&quot;credit&quot;:&quot;&quot;,&quot;camera&quot;:&quot;&quot;,&quot;caption&quot;:&quot;&quot;,&quot;created_timestamp&quot;:&quot;0&quot;,&quot;copyright&quot;:&quot;&quot;,&quot;focal_length&quot;:&quot;0&quot;,&quot;iso&quot;:&quot;0&quot;,&quot;shutter_speed&quot;:&quot;0&quot;,&quot;title&quot;:&quot;&quot;,&quot;orientation&quot;:&quot;0&quot;}\" data-image-title=\"Virus-respiratorio-ni\u00f1os\" data-image-description=\"\" data-image-caption=\"&lt;p&gt;EFE\/ \u00c1ngel Medina G.&lt;\/p&gt;\n\" data-medium-file=\"https:\/\/efesalud.com\/wp-content\/uploads\/2022\/11\/Virus-respiratorio-ninos-300x200.jpg\" data-large-file=\"https:\/\/efesalud.com\/wp-content\/uploads\/2022\/11\/Virus-respiratorio-ninos.jpg\" data-src=\"https:\/\/efesalud.com\/wp-content\/uploads\/2022\/11\/Virus-respiratorio-ninos.jpg\" data-srcset=\"https:\/\/efesalud.com\/wp-content\/uploads\/2022\/11\/Virus-respiratorio-ninos.jpg 900w, https:\/\/efesalud.com\/wp-content\/uploads\/2022\/11\/Virus-respiratorio-ninos-300x200.jpg 300w, https:\/\/efesalud.com\/wp-content\/uploads\/2022\/11\/Virus-respiratorio-ninos-768x512.jpg 768w\" data-sizes=\"auto\" \/><figcaption class=\"wp-element-caption\">EFE\/ \u00c1ngel Medina G.<\/figcaption><\/figure>\n<\/div>\n<h2>Estacionalidad del virus<\/h2>\n<p>Los brotes de VRS generalmente se producen durante los meses m\u00e1s fr\u00edos del invierno, sin embargo, tras el covid-19 el patr\u00f3n ha cambiado.<\/p>\n<p>Seg\u00fan la experta, el virus ya no est\u00e1 concentrado en los meses de invierno como antes, sino que se ha distribuido durante todo el a\u00f1o, por lo que tambi\u00e9n se espera verlo durante los meses de primavera y verano.<\/p>\n<h2>Medidas preventivas<\/h2>\n<p>El doctor S\u00e1nchez Luna ofrece una serie de\u00a0medidas\u00a0de cara a prever el virus respiratorio en ni\u00f1os:<\/p>\n<ul>\n<li>Lavarse las manos\u00a0con frecuencia.<\/li>\n<li>Evitar las multitudes y a otros ni\u00f1os peque\u00f1os\u00a0(especialmente aquellos con resfriado o fiebre).<\/li>\n<li>No permitas que nadie fume cerca de tu beb\u00e9.<\/li>\n<li>No expongas al beb\u00e9 a entornos contagiosos.<\/li>\n<li>Mant\u00e9n limpios los juguetes, la ropa, las mantas y las s\u00e1banas.<\/li>\n<li>Usa mascarilla en espacios p\u00fablicos.<\/li>\n<li>En la medida de lo posible, fomenta la\u00a0lactancia materna.<\/li>\n<\/ul>\n<h2>\u201cLa Fuerza de la Fragilidad\u201d<\/h2>\n<p>Seg\u00fan la compa\u00f1\u00eda farmac\u00e9utica\u00a0AstraZeneca, se estima que en Espa\u00f1a las infecciones por este virus originan entre\u00a07.000\u00a0y\u00a014.000\u00a0hospitalizaciones cada a\u00f1o.<\/p>\n<p>Y entre el\u00a02-3%\u00a0de los ni\u00f1os con una\u00a0primoinfecci\u00f3n\u00a0por VRS en los primeros doce meses de vida requieren hospitalizaci\u00f3n, de los cuales, el\u00a02-6%\u00a0ingresa en\u00a0cuidados intensivos.<\/p>\n<p>Adem\u00e1s, el VRS supone la segunda causa de muerte en lactantes menores de doce meses en todo el mundo.<\/p>\n<p>As\u00ed, la\u00a0Asociaci\u00f3n de Padres de Ni\u00f1os Prematuros (APREM),\u00a0Menudos Corazones\u00a0y\u00a0AstraZeneca, han puesto en marcha \u201cLa Fuerza de la Fragilidad\u201d, una campa\u00f1a con el objetivo de concienciar sobre la importancia de conocer la afecci\u00f3n y prevenirla.<\/p>\n<p>La campa\u00f1a ha contado con un v\u00eddeo en el que varios pacientes, familiares y profesionales sanitarios cuentan de primera mano su experiencia con el VRS para ayudar y apoyar a otras familias y profesionales de la salud.<\/p>\n<p>EFE<\/p>\n","protected":false},"excerpt":{"rendered":"<p>El virus respiratorio sincitial tiene una alta frecuencia en ni\u00f1os, concretamente en lactantes y en la primera infancia, que puede derivar en una infecci\u00f3n en los pulmones y en otras v\u00edas respiratorias. Y, ahora en los meses de m\u00e1s frio, se produce un aumento de casos y de hospitalizaciones. \u201cEs un virus que afecta a [&hellip;]<\/p>\n","protected":false},"author":19,"featured_media":230414,"comment_status":"closed","ping_status":"closed","sticky":false,"template":"","format":"standard","meta":{"footnotes":""},"categories":[19],"tags":[],"class_list":{"0":"post-230413","1":"post","2":"type-post","3":"status-publish","4":"format-standard","5":"has-post-thumbnail","7":"category-salud"},"_links":{"self":[{"href":"https:\/\/elluchador.info\/index.php?rest_route=\/wp\/v2\/posts\/230413","targetHints":{"allow":["GET"]}}],"collection":[{"href":"https:\/\/elluchador.info\/index.php?rest_route=\/wp\/v2\/posts"}],"about":[{"href":"https:\/\/elluchador.info\/index.php?rest_route=\/wp\/v2\/types\/post"}],"author":[{"embeddable":true,"href":"https:\/\/elluchador.info\/index.php?rest_route=\/wp\/v2\/users\/19"}],"replies":[{"embeddable":true,"href":"https:\/\/elluchador.info\/index.php?rest_route=%2Fwp%2Fv2%2Fcomments&post=230413"}],"version-history":[{"count":1,"href":"https:\/\/elluchador.info\/index.php?rest_route=\/wp\/v2\/posts\/230413\/revisions"}],"predecessor-version":[{"id":230415,"href":"https:\/\/elluchador.info\/index.php?rest_route=\/wp\/v2\/posts\/230413\/revisions\/230415"}],"wp:featuredmedia":[{"embeddable":true,"href":"https:\/\/elluchador.info\/index.php?rest_route=\/wp\/v2\/media\/230414"}],"wp:attachment":[{"href":"https:\/\/elluchador.info\/index.php?rest_route=%2Fwp%2Fv2%2Fmedia&parent=230413"}],"wp:term":[{"taxonomy":"category","embeddable":true,"href":"https:\/\/elluchador.info\/index.php?rest_route=%2Fwp%2Fv2%2Fcategories&post=230413"},{"taxonomy":"post_tag","embeddable":true,"href":"https:\/\/elluchador.info\/index.php?rest_route=%2Fwp%2Fv2%2Ftags&post=230413"}],"curies":[{"name":"wp","href":"https:\/\/api.w.org\/{rel}","templated":true}]}}