{"id":230477,"date":"2022-11-16T12:34:17","date_gmt":"2022-11-16T16:34:17","guid":{"rendered":"https:\/\/elluchador.info\/web\/?p=230477"},"modified":"2022-11-16T12:34:17","modified_gmt":"2022-11-16T16:34:17","slug":"borrell-insta-a-retomar-dialogo-en-mexico-lo-antes-posible","status":"publish","type":"post","link":"https:\/\/elluchador.info\/?p=230477","title":{"rendered":"Borrell insta a retomar di\u00e1logo en M\u00e9xico \u00bblo antes posible\u00bb"},"content":{"rendered":"<p>El alto representante de la Uni\u00f3n Europea para Asuntos Exteriores, Josep Borrell, consider\u00f3 que \u00abahora es el momento propicio\u00bb para un acuerdo en Venezuela y dijo que las sanciones de la UE contra el pa\u00eds son \u00abreversibles en funci\u00f3n de la evoluci\u00f3n de la situaci\u00f3n\u00bb.<\/p>\n<p>En un art\u00edculo que publica este mi\u00e9rcoles en su blog \u00abuna ventana al mundo\u00bb, Borrell inst\u00f3 a hacer lo posible para que 2023 sea \u00abun a\u00f1o de esperanza\u00bb para Venezuela y consider\u00f3 que el \u00abprimer paso esencial\u00bb en la hoja de ruta debe ser un acuerdo social y humanitario, seguido de una agenda pol\u00edtica.<\/p>\n<p>\u00abNo es una tarea sencilla. Se requerir\u00e1n compromisos dif\u00edciles, amplia cooperaci\u00f3n y buena fe\u00bb de todas las partes, subray\u00f3 Borrell, para quien el proceso requiere la \u00abrehabilitaci\u00f3n\u00bb de las instituciones del Estado, lo que ayudar\u00e1 al pa\u00eds a \u00abreinsertarse en la econom\u00eda internacional\u00bb y beneficiar\u00e1 a toda la regi\u00f3n.<\/p>\n<p>Son las principales conclusiones que saca el pol\u00edtico espa\u00f1ol de los resultados obtenidos la semana pasada en el Foro de Paz de Par\u00eds, en el que el presidente de Francia, Emmanuel Macron, y sus hom\u00f3logos de Argentina y Colombia, Alberto Fern\u00e1ndez y Gustavo Petro, respectivamente, se reunieron con representantes del Gobierno y la oposici\u00f3n de Venezuela.<\/p>\n<p>\u00abEsta reuni\u00f3n fue oportuna y necesaria\u00bb, seg\u00fan Borrell, que insisti\u00f3 en que \u00abel momento de actuar es ahora\u00bb.<\/p>\n<p>Por tanto, el tambi\u00e9n vicepresidente de la Comisi\u00f3n Europea anim\u00f3 a las partes negociadoras venezolanas a retomar su di\u00e1logo en M\u00e9xico \u00ablo antes posible\u00bb.<\/p>\n<p>\u00abSolo los venezolanos pueden abordar los problemas cr\u00edticos que han sumido al pa\u00eds en su larga crisis pol\u00edtica y humanitaria\u00bb, se\u00f1al\u00f3 Borrell, y a\u00f1adi\u00f3 que ese es el enfoque que de forma \u00abcoherente\u00bb ha defendido siempre la UE.<\/p>\n<p>\u00abHemos enfatizado constantemente que un di\u00e1logo pol\u00edtico liderado por Venezuela es la \u00fanica salida a la crisis y hemos mantenido abiertos todos los canales de comunicaci\u00f3n\u00bb, recalc\u00f3.<\/p>\n<p>\u00abLas medidas restrictivas de la UE en vigor son reversibles en funci\u00f3n de la evoluci\u00f3n de la situaci\u00f3n\u00bb, indic\u00f3 Borrell sobre las sanciones econ\u00f3micas impuestas en 2017 y renovadas recientemente.<\/p>\n<p>Todo eso es posible, seg\u00fan Borrell, pero \u00abes importante recibir se\u00f1ales claras de todas las partes de que vamos en la direcci\u00f3n correcta\u00bb, concluy\u00f3.<\/p>\n<p>Con informaci\u00f3n de unionradio.net<\/p>\n","protected":false},"excerpt":{"rendered":"<p>El alto representante de la Uni\u00f3n Europea para Asuntos Exteriores, Josep Borrell, consider\u00f3 que \u00abahora es el momento propicio\u00bb para un acuerdo en Venezuela y dijo que las sanciones de la UE contra el pa\u00eds son \u00abreversibles en funci\u00f3n de la evoluci\u00f3n de la situaci\u00f3n\u00bb. En un art\u00edculo que publica este mi\u00e9rcoles en su blog [&hellip;]<\/p>\n","protected":false},"author":19,"featured_media":230478,"comment_status":"closed","ping_status":"closed","sticky":false,"template":"","format":"standard","meta":{"footnotes":""},"categories":[8],"tags":[],"class_list":{"0":"post-230477","1":"post","2":"type-post","3":"status-publish","4":"format-standard","5":"has-post-thumbnail","7":"category-internacionales"},"_links":{"self":[{"href":"https:\/\/elluchador.info\/index.php?rest_route=\/wp\/v2\/posts\/230477","targetHints":{"allow":["GET"]}}],"collection":[{"href":"https:\/\/elluchador.info\/index.php?rest_route=\/wp\/v2\/posts"}],"about":[{"href":"https:\/\/elluchador.info\/index.php?rest_route=\/wp\/v2\/types\/post"}],"author":[{"embeddable":true,"href":"https:\/\/elluchador.info\/index.php?rest_route=\/wp\/v2\/users\/19"}],"replies":[{"embeddable":true,"href":"https:\/\/elluchador.info\/index.php?rest_route=%2Fwp%2Fv2%2Fcomments&post=230477"}],"version-history":[{"count":1,"href":"https:\/\/elluchador.info\/index.php?rest_route=\/wp\/v2\/posts\/230477\/revisions"}],"predecessor-version":[{"id":230479,"href":"https:\/\/elluchador.info\/index.php?rest_route=\/wp\/v2\/posts\/230477\/revisions\/230479"}],"wp:featuredmedia":[{"embeddable":true,"href":"https:\/\/elluchador.info\/index.php?rest_route=\/wp\/v2\/media\/230478"}],"wp:attachment":[{"href":"https:\/\/elluchador.info\/index.php?rest_route=%2Fwp%2Fv2%2Fmedia&parent=230477"}],"wp:term":[{"taxonomy":"category","embeddable":true,"href":"https:\/\/elluchador.info\/index.php?rest_route=%2Fwp%2Fv2%2Fcategories&post=230477"},{"taxonomy":"post_tag","embeddable":true,"href":"https:\/\/elluchador.info\/index.php?rest_route=%2Fwp%2Fv2%2Ftags&post=230477"}],"curies":[{"name":"wp","href":"https:\/\/api.w.org\/{rel}","templated":true}]}}