{"id":230992,"date":"2022-11-21T17:25:16","date_gmt":"2022-11-21T21:25:16","guid":{"rendered":"https:\/\/elluchador.info\/web\/?p=230992"},"modified":"2022-11-21T17:25:16","modified_gmt":"2022-11-21T21:25:16","slug":"haces-un-uso-responsable-de-los-antibioticos","status":"publish","type":"post","link":"https:\/\/elluchador.info\/?p=230992","title":{"rendered":"\u00bfHaces un uso responsable de los antibi\u00f3ticos?"},"content":{"rendered":"<p>Con motivo de la celebraci\u00f3n del\u00a0D\u00eda Europeo para el Uso Prudente de los Antibi\u00f3ticos, se vuelve a poner en el punto de mira el uso responsable de los antibi\u00f3ticos, una asignatura pendiente a nivel colectivo.<\/p>\n<p>A la labor de\u00a0sensibilizaci\u00f3n\u00a0con respecto a esta problem\u00e1tica se une la compa\u00f1\u00eda farmac\u00e9utica\u00a0CINFA, que a trav\u00e9s del doctor\u00a0Julio Maset, conciencia a la poblaci\u00f3n sobre los peligros de un mal empleo de este tipo de f\u00e1rmacos.<\/p>\n<h2>Diez pautas para el uso responsable de antibi\u00f3ticos<\/h2>\n<p>As\u00ed, el doctor Maset facilita estos diez consejos sobre el uso de antibi\u00f3ticos:<\/p>\n<ol>\n<li><strong>No te automediques<\/strong>. Puedes estar cometiendo el error de consumir medicamentos totalmente ineficaces para combatir tu infecci\u00f3n, adem\u00e1s de estar creando involuntariamente una mayor resistencia de las bacterias pat\u00f3genas. Por si fuera poco, tambi\u00e9n expones tu organismo a posibles\u00a0<em>reacciones al\u00e9rgicas<\/em>\u00a0o\u00a0<em>efectos secundarios<\/em>.<\/li>\n<li><strong>Recuerda que no son eficaces ante catarros y gripes<\/strong>. Normalmente los catarros y gripes son v\u00edricas y los antibi\u00f3ticos act\u00faan exclusivamente contra las bacterias.<\/li>\n<li><strong>No pidas antibi\u00f3ticos al farmac\u00e9utico sin recomendaci\u00f3n m\u00e9dica<\/strong>. No presiones a los profesionales sanitarios para que te dispensen o receten algo que quiz\u00e1 sea contraproducente.<\/li>\n<li><strong>Tampoco para tus hijos<\/strong>. Si el ni\u00f1o muestra sintomatolog\u00eda asociada a cualquier infecci\u00f3n, debes acudir al pediatra. El profesional evaluar\u00e1 si es necesario o no el antibi\u00f3tico. Administrarle antibi\u00f3ticos sin recomendaci\u00f3n m\u00e9dica puede ser da\u00f1ino para su salud y har\u00e1 m\u00e1s dif\u00edcil su recuperaci\u00f3n cuando realmente contraiga una infecci\u00f3n que requiera antibi\u00f3ticos.<\/li>\n<li><strong>Sigue las instrucciones del m\u00e9dico<\/strong>. Debes respetar y cumplir las pautas, tanto en lo referente a la dosis, como en las horas y duraci\u00f3n del tratamiento. De no ser as\u00ed, se crear\u00e1, una vez m\u00e1s, una mayor resistencia de las bacterias ante los antibi\u00f3ticos.<\/li>\n<li><strong>Organ\u00edzate para cumplir el horario al pie de la letra<\/strong>. Antes de empezar piensa qu\u00e9 horario te resulta m\u00e1s f\u00e1cil de respetar la frecuencia indicada por el profesional sanitario. Si solo es necesaria una dosis al d\u00eda, t\u00f3mala a la misma hora. Respeta tambi\u00e9n las indicaciones de si se deben o no tomar con comida.<\/li>\n<li><strong>Completa el tratamiento el tiempo estipulado<\/strong>. No lo interrumpas, aunque desaparezcan los s\u00edntomas de la enfermedad, ya que su efectividad puede variar.<\/li>\n<li><strong>No guardes ni tomes los antibi\u00f3ticos que te sobren<\/strong>. Si has recibido m\u00e1s dosis de la que te han indicado tomar,\u00a0no guardes los antibi\u00f3ticos\u00a0por si vuelven o presentes s\u00edntomas parecidos. En su lugar, depos\u00edtalos en un punto SIGRE.<\/li>\n<li><strong>Siempre que sea posible, sigue el calendario de vacunaci\u00f3n<\/strong>. Muchas de las vacunas que se reciben son para enfermedades bacterianas, por lo que seguir el calendario de vacunaci\u00f3n recomendado supondr\u00e1 una ventaja ante posibles infecciones de esta \u00edndole y al mismo tiempo se evita la resistencia de las bacterias a los antibi\u00f3ticos.<\/li>\n<li><strong>Para tu mascota, con receta tambi\u00e9n<\/strong>. El veterinario decide su tratamiento y prescribir\u00e1 antibi\u00f3ticos en caso de que sea necesario. No es sensato administrar a tu mascota medicamentos sobrantes de otros tratamientos, porque, de no usar de manera responsable los antibi\u00f3ticos estar\u00edamos cometiendo el mismo error antes mencionado.<\/li>\n<\/ol>\n<p>Efe<\/p>\n","protected":false},"excerpt":{"rendered":"<p>Con motivo de la celebraci\u00f3n del\u00a0D\u00eda Europeo para el Uso Prudente de los Antibi\u00f3ticos, se vuelve a poner en el punto de mira el uso responsable de los antibi\u00f3ticos, una asignatura pendiente a nivel colectivo. A la labor de\u00a0sensibilizaci\u00f3n\u00a0con respecto a esta problem\u00e1tica se une la compa\u00f1\u00eda farmac\u00e9utica\u00a0CINFA, que a trav\u00e9s del doctor\u00a0Julio Maset, conciencia [&hellip;]<\/p>\n","protected":false},"author":19,"featured_media":230993,"comment_status":"closed","ping_status":"closed","sticky":false,"template":"","format":"standard","meta":{"footnotes":""},"categories":[19],"tags":[],"class_list":{"0":"post-230992","1":"post","2":"type-post","3":"status-publish","4":"format-standard","5":"has-post-thumbnail","7":"category-salud"},"_links":{"self":[{"href":"https:\/\/elluchador.info\/index.php?rest_route=\/wp\/v2\/posts\/230992","targetHints":{"allow":["GET"]}}],"collection":[{"href":"https:\/\/elluchador.info\/index.php?rest_route=\/wp\/v2\/posts"}],"about":[{"href":"https:\/\/elluchador.info\/index.php?rest_route=\/wp\/v2\/types\/post"}],"author":[{"embeddable":true,"href":"https:\/\/elluchador.info\/index.php?rest_route=\/wp\/v2\/users\/19"}],"replies":[{"embeddable":true,"href":"https:\/\/elluchador.info\/index.php?rest_route=%2Fwp%2Fv2%2Fcomments&post=230992"}],"version-history":[{"count":1,"href":"https:\/\/elluchador.info\/index.php?rest_route=\/wp\/v2\/posts\/230992\/revisions"}],"predecessor-version":[{"id":230994,"href":"https:\/\/elluchador.info\/index.php?rest_route=\/wp\/v2\/posts\/230992\/revisions\/230994"}],"wp:featuredmedia":[{"embeddable":true,"href":"https:\/\/elluchador.info\/index.php?rest_route=\/wp\/v2\/media\/230993"}],"wp:attachment":[{"href":"https:\/\/elluchador.info\/index.php?rest_route=%2Fwp%2Fv2%2Fmedia&parent=230992"}],"wp:term":[{"taxonomy":"category","embeddable":true,"href":"https:\/\/elluchador.info\/index.php?rest_route=%2Fwp%2Fv2%2Fcategories&post=230992"},{"taxonomy":"post_tag","embeddable":true,"href":"https:\/\/elluchador.info\/index.php?rest_route=%2Fwp%2Fv2%2Ftags&post=230992"}],"curies":[{"name":"wp","href":"https:\/\/api.w.org\/{rel}","templated":true}]}}