{"id":231154,"date":"2022-11-22T17:02:35","date_gmt":"2022-11-22T21:02:35","guid":{"rendered":"https:\/\/elluchador.info\/web\/?p=231154"},"modified":"2022-11-22T17:02:35","modified_gmt":"2022-11-22T21:02:35","slug":"asesinato-de-otra-adolescente-tras-ser-violada-conmociona-a-francia","status":"publish","type":"post","link":"https:\/\/elluchador.info\/?p=231154","title":{"rendered":"Asesinato de otra adolescente tras ser violada conmociona a Francia"},"content":{"rendered":"<p>Vanessa fue raptada el viernes cerca de su centro de secundaria, violada y asesinada por el sospechoso, Romain C., de 31 a\u00f1os de edad, quien se encuentra ahora en prisi\u00f3n preventiva.<\/p>\n<p>Ante las rejas del centro de secundaria Germillac, donde la menor estudiaba, se depositaron varias decenas de flores y de mensajes de apoyo.<\/p>\n<p>Tras su detenci\u00f3n, el sospechoso, vecino de la localidad pr\u00f3xima de Marmande y que fue recientemente padre, explic\u00f3 que pas\u00f3 la ma\u00f1ana de los hechos en su coche, fumando cannabis.<\/p>\n<p>Al ver a Vanessa, la oblig\u00f3 a entrar a la fuerza en su veh\u00edculo antes de abandonar r\u00e1pidamente el lugar. A continuaci\u00f3n, la viol\u00f3 y la estrangul\u00f3, indic\u00f3 la fiscal\u00eda el domingo.<\/p>\n<p>La presidenta de la asociaci\u00f3n de protecci\u00f3n de la infancia La Mouette, Annie Courgue, pidi\u00f3 \u00abmedidas para evitar la reincidencia\u00bb, m\u00e1xime cuando el sospechoso ya hab\u00eda sido condenado cuando ten\u00eda 15 a\u00f1os a 15 d\u00edas de prisi\u00f3n por agresi\u00f3n sexual.<\/p>\n<p>El drama sucede un mes despu\u00e9s del brutal asesinato en Par\u00eds de Lola, una ni\u00f1a de 12 a\u00f1os, a manos de una mujer argelina de 24 a\u00f1os, con problemas mentales y en situaci\u00f3n irregular, acusada tambi\u00e9n de violaci\u00f3n.<\/p>\n<p>AFP<\/p>\n","protected":false},"excerpt":{"rendered":"<p>Vanessa fue raptada el viernes cerca de su centro de secundaria, violada y asesinada por el sospechoso, Romain C., de 31 a\u00f1os de edad, quien se encuentra ahora en prisi\u00f3n preventiva. Ante las rejas del centro de secundaria Germillac, donde la menor estudiaba, se depositaron varias decenas de flores y de mensajes de apoyo. Tras [&hellip;]<\/p>\n","protected":false},"author":19,"featured_media":231155,"comment_status":"closed","ping_status":"closed","sticky":false,"template":"","format":"standard","meta":{"footnotes":""},"categories":[8],"tags":[],"class_list":{"0":"post-231154","1":"post","2":"type-post","3":"status-publish","4":"format-standard","5":"has-post-thumbnail","7":"category-internacionales"},"_links":{"self":[{"href":"https:\/\/elluchador.info\/index.php?rest_route=\/wp\/v2\/posts\/231154","targetHints":{"allow":["GET"]}}],"collection":[{"href":"https:\/\/elluchador.info\/index.php?rest_route=\/wp\/v2\/posts"}],"about":[{"href":"https:\/\/elluchador.info\/index.php?rest_route=\/wp\/v2\/types\/post"}],"author":[{"embeddable":true,"href":"https:\/\/elluchador.info\/index.php?rest_route=\/wp\/v2\/users\/19"}],"replies":[{"embeddable":true,"href":"https:\/\/elluchador.info\/index.php?rest_route=%2Fwp%2Fv2%2Fcomments&post=231154"}],"version-history":[{"count":1,"href":"https:\/\/elluchador.info\/index.php?rest_route=\/wp\/v2\/posts\/231154\/revisions"}],"predecessor-version":[{"id":231156,"href":"https:\/\/elluchador.info\/index.php?rest_route=\/wp\/v2\/posts\/231154\/revisions\/231156"}],"wp:featuredmedia":[{"embeddable":true,"href":"https:\/\/elluchador.info\/index.php?rest_route=\/wp\/v2\/media\/231155"}],"wp:attachment":[{"href":"https:\/\/elluchador.info\/index.php?rest_route=%2Fwp%2Fv2%2Fmedia&parent=231154"}],"wp:term":[{"taxonomy":"category","embeddable":true,"href":"https:\/\/elluchador.info\/index.php?rest_route=%2Fwp%2Fv2%2Fcategories&post=231154"},{"taxonomy":"post_tag","embeddable":true,"href":"https:\/\/elluchador.info\/index.php?rest_route=%2Fwp%2Fv2%2Ftags&post=231154"}],"curies":[{"name":"wp","href":"https:\/\/api.w.org\/{rel}","templated":true}]}}