{"id":231194,"date":"2022-11-22T18:00:36","date_gmt":"2022-11-22T22:00:36","guid":{"rendered":"https:\/\/elluchador.info\/web\/?p=231194"},"modified":"2022-11-22T18:00:36","modified_gmt":"2022-11-22T22:00:36","slug":"pincelada-cultural-en-los-espacios-del-ministerio-publico","status":"publish","type":"post","link":"https:\/\/elluchador.info\/?p=231194","title":{"rendered":"Pincelada cultural en los espacios del Ministerio P\u00fablico"},"content":{"rendered":"<p>En sinergia, la Gobernaci\u00f3n del estado Bol\u00edvar y la Alcald\u00eda Angostura del Orinoco, realizaron una jornada de adecuaci\u00f3n de los espacios del Ministerio P\u00fablico con: reparaci\u00f3n de botes de agua, iluminaci\u00f3n, limpieza y mantenimiento de las \u00e1reas.<\/p>\n<p>El alcalde, Sergio Hern\u00e1ndez, apunt\u00f3 que despu\u00e9s de ese abordaje de amor en la parte externa, dieron paso a los artistas bolivarenses para plasmar en las paredes mensajes de acuerdo a la instituci\u00f3n.<\/p>\n<p>Hern\u00e1ndez recalc\u00f3 que un solo equipo de trabajo est\u00e1 desplegado para el bienestar social de la instituci\u00f3n que est\u00e1 al servicio del pueblo.<\/p>\n<p>\u201cEn el marco del 53 aniversario del\u00a0 Ministerio P\u00fablico y nosotros estamos aqu\u00ed embelleciendo estos espacios\u201d, dijo el mandatario municipal.<\/p>\n<p>Asimismo, el secretario de Cultura de la Gobernaci\u00f3n del estado Bol\u00edvar, Neptali Hurtado, y la directora municipal de Cultura, Mari Carmen Amador, verificaron el trabajo art\u00edstico.<\/p>\n<p>Mencionaron que el talento de los artistas bolivarenses se ve reflejado en cada pincelada plasmada en las paredes de la parte externa de la instituci\u00f3n.<\/p>\n<p>\u201cUn trabajo hecho con amor\u201d, enfatizaron las autoridades.<\/p>\n<p>Tambi\u00e9n Maricarmen Amador, directora de Cultura Municipal, recalc\u00f3 que una vez m\u00e1s los artistas del municipio se sumaron a revitalizar los espacios para el bienestar del pueblo, porque la cultura es alegr\u00eda y hermandad.<\/p>\n<p><strong>Prensa Alcald\u00eda AO<\/strong><\/p>\n","protected":false},"excerpt":{"rendered":"<p>En sinergia, la Gobernaci\u00f3n del estado Bol\u00edvar y la Alcald\u00eda Angostura del Orinoco, realizaron una jornada de adecuaci\u00f3n de los espacios del Ministerio P\u00fablico con: reparaci\u00f3n de botes de agua, iluminaci\u00f3n, limpieza y mantenimiento de las \u00e1reas. El alcalde, Sergio Hern\u00e1ndez, apunt\u00f3 que despu\u00e9s de ese abordaje de amor en la parte externa, dieron paso [&hellip;]<\/p>\n","protected":false},"author":19,"featured_media":231195,"comment_status":"closed","ping_status":"closed","sticky":false,"template":"","format":"standard","meta":{"footnotes":""},"categories":[20],"tags":[],"class_list":{"0":"post-231194","1":"post","2":"type-post","3":"status-publish","4":"format-standard","5":"has-post-thumbnail","7":"category-municipal"},"_links":{"self":[{"href":"https:\/\/elluchador.info\/index.php?rest_route=\/wp\/v2\/posts\/231194","targetHints":{"allow":["GET"]}}],"collection":[{"href":"https:\/\/elluchador.info\/index.php?rest_route=\/wp\/v2\/posts"}],"about":[{"href":"https:\/\/elluchador.info\/index.php?rest_route=\/wp\/v2\/types\/post"}],"author":[{"embeddable":true,"href":"https:\/\/elluchador.info\/index.php?rest_route=\/wp\/v2\/users\/19"}],"replies":[{"embeddable":true,"href":"https:\/\/elluchador.info\/index.php?rest_route=%2Fwp%2Fv2%2Fcomments&post=231194"}],"version-history":[{"count":1,"href":"https:\/\/elluchador.info\/index.php?rest_route=\/wp\/v2\/posts\/231194\/revisions"}],"predecessor-version":[{"id":231196,"href":"https:\/\/elluchador.info\/index.php?rest_route=\/wp\/v2\/posts\/231194\/revisions\/231196"}],"wp:featuredmedia":[{"embeddable":true,"href":"https:\/\/elluchador.info\/index.php?rest_route=\/wp\/v2\/media\/231195"}],"wp:attachment":[{"href":"https:\/\/elluchador.info\/index.php?rest_route=%2Fwp%2Fv2%2Fmedia&parent=231194"}],"wp:term":[{"taxonomy":"category","embeddable":true,"href":"https:\/\/elluchador.info\/index.php?rest_route=%2Fwp%2Fv2%2Fcategories&post=231194"},{"taxonomy":"post_tag","embeddable":true,"href":"https:\/\/elluchador.info\/index.php?rest_route=%2Fwp%2Fv2%2Ftags&post=231194"}],"curies":[{"name":"wp","href":"https:\/\/api.w.org\/{rel}","templated":true}]}}