{"id":231197,"date":"2022-11-22T18:02:18","date_gmt":"2022-11-22T22:02:18","guid":{"rendered":"https:\/\/elluchador.info\/web\/?p=231197"},"modified":"2022-11-22T18:02:18","modified_gmt":"2022-11-22T22:02:18","slug":"inauguran-2-a-edicion-de-exposicion-de-artes-visuales-primeras-huellas-en-bolivar","status":"publish","type":"post","link":"https:\/\/elluchador.info\/?p=231197","title":{"rendered":"Inauguran 2.\u00aa edici\u00f3n de exposici\u00f3n de artes visuales \u201cPrimeras Huellas\u201d en Bol\u00edvar\u00a0"},"content":{"rendered":"<p>En aras de hacer cumplir la Agenda Concreta de Acci\u00f3n (ACA) para promover la cultura y el ejercicio de las expresiones art\u00edsticas vinculadas a la pintura, el gobierno del presidente Nicol\u00e1s Maduro, ejecutado por el gobernador \u00c1ngel Marcano, a trav\u00e9s de la Secretar\u00eda de Cultura de la Gobernaci\u00f3n de Bol\u00edvar, instal\u00f3 la exposici\u00f3n colectiva de artes visuales \u201cPrimeras Huellas\u201d, segunda edici\u00f3n, en honor al maestro de la guitarra cl\u00e1sica, Antonio Lauro.<\/p>\n<p>As\u00ed lo dio a conocer Giovanny Escala Cardozo, artista pl\u00e1stico de talla internacional, y art\u00edfice de la exposici\u00f3n, quien agreg\u00f3 que la muestra de corte acad\u00e9mico, art\u00edstico y cultural cuenta con la participaci\u00f3n de estudiantes de artes pl\u00e1sticas de Unearte, bajo su tutor\u00eda, as\u00ed como cursantes de bachillerato del Liceo Fernando Pe\u00f1alver, y ni\u00f1as del Taller Libre de Arte del docente y artista pl\u00e1stico, F\u00e9lix Morillo.<\/p>\n<p>Los artistas en exposici\u00f3n son, Mar\u00eda Brizuela, Tibairy Vivas, Stefany Medina, Orlando Castillo, C\u00e9sar Rivero, Dailenis Principal, Yenluis S\u00e1nchez, Renyer P\u00e1ez, Leidys Lira, Maritza Custodio, Ana Mu\u00f1oz, Josluismar Moreno, Hannah Alcocer y Ros\u00e1ngel Mar\u00edn.<\/p>\n<p>El inicio cont\u00f3 con la presencia de los artistas pl\u00e1sticos; Armando Rivero, F\u00e9lix Morillo y Fidel Car\u00edas, coordinador de Arte Sur en la regi\u00f3n. Este \u00faltimo esgrimi\u00f3 palabras de motivaci\u00f3n para los artistas, quienes reci\u00e9n se adentran al mundo de las bellas artes, motiv\u00e1ndolos a no rendirse y a avanzar en la profesi\u00f3n de las artes.<\/p>\n<p><strong>Prensa Gobernaci\u00f3n de Bol\u00edvar\u00a0<\/strong><\/p>\n","protected":false},"excerpt":{"rendered":"<p>En aras de hacer cumplir la Agenda Concreta de Acci\u00f3n (ACA) para promover la cultura y el ejercicio de las expresiones art\u00edsticas vinculadas a la pintura, el gobierno del presidente Nicol\u00e1s Maduro, ejecutado por el gobernador \u00c1ngel Marcano, a trav\u00e9s de la Secretar\u00eda de Cultura de la Gobernaci\u00f3n de Bol\u00edvar, instal\u00f3 la exposici\u00f3n colectiva de [&hellip;]<\/p>\n","protected":false},"author":19,"featured_media":231198,"comment_status":"closed","ping_status":"closed","sticky":false,"template":"","format":"standard","meta":{"footnotes":""},"categories":[12],"tags":[],"class_list":{"0":"post-231197","1":"post","2":"type-post","3":"status-publish","4":"format-standard","5":"has-post-thumbnail","7":"category-regionales"},"_links":{"self":[{"href":"https:\/\/elluchador.info\/index.php?rest_route=\/wp\/v2\/posts\/231197","targetHints":{"allow":["GET"]}}],"collection":[{"href":"https:\/\/elluchador.info\/index.php?rest_route=\/wp\/v2\/posts"}],"about":[{"href":"https:\/\/elluchador.info\/index.php?rest_route=\/wp\/v2\/types\/post"}],"author":[{"embeddable":true,"href":"https:\/\/elluchador.info\/index.php?rest_route=\/wp\/v2\/users\/19"}],"replies":[{"embeddable":true,"href":"https:\/\/elluchador.info\/index.php?rest_route=%2Fwp%2Fv2%2Fcomments&post=231197"}],"version-history":[{"count":1,"href":"https:\/\/elluchador.info\/index.php?rest_route=\/wp\/v2\/posts\/231197\/revisions"}],"predecessor-version":[{"id":231199,"href":"https:\/\/elluchador.info\/index.php?rest_route=\/wp\/v2\/posts\/231197\/revisions\/231199"}],"wp:featuredmedia":[{"embeddable":true,"href":"https:\/\/elluchador.info\/index.php?rest_route=\/wp\/v2\/media\/231198"}],"wp:attachment":[{"href":"https:\/\/elluchador.info\/index.php?rest_route=%2Fwp%2Fv2%2Fmedia&parent=231197"}],"wp:term":[{"taxonomy":"category","embeddable":true,"href":"https:\/\/elluchador.info\/index.php?rest_route=%2Fwp%2Fv2%2Fcategories&post=231197"},{"taxonomy":"post_tag","embeddable":true,"href":"https:\/\/elluchador.info\/index.php?rest_route=%2Fwp%2Fv2%2Ftags&post=231197"}],"curies":[{"name":"wp","href":"https:\/\/api.w.org\/{rel}","templated":true}]}}