{"id":231204,"date":"2022-11-22T18:07:22","date_gmt":"2022-11-22T22:07:22","guid":{"rendered":"https:\/\/elluchador.info\/web\/?p=231204"},"modified":"2022-11-22T18:07:22","modified_gmt":"2022-11-22T22:07:22","slug":"realizadas-labores-de-embellecimiento-de-sede-del-colegio-de-abogados","status":"publish","type":"post","link":"https:\/\/elluchador.info\/?p=231204","title":{"rendered":"Realizadas labores de embellecimiento de sede del Colegio de Abogados"},"content":{"rendered":"<p>En un esfuerzo conjunto propiciado por iniciativa de la organizaci\u00f3n Fuerza Legal, de la mano con la junta directiva y el apoyo de la Secretaria de Servicios Generales de la Gobernaci\u00f3n, se realiz\u00f3 una jornada de embellecimiento y rescate de las instalaciones de la sede del Colegio de Abogados de Ciudad Bol\u00edvar, ubicado en la avenida Cede\u00f1o.<\/p>\n<p>Los Abogados Yolisber Villasana, Pedro Mendoza, Jos\u00e9 Luis Guevara, Jos\u00e9 Amarista, C\u00e9sar Manrique, junto a otros colegas y varias cuadrillas trabajaron engranados para rescatar la sede.<\/p>\n<p>\u201cGran parte de las instalaciones estaba arropada por la maleza desde hace a\u00f1os. Gracias a este hermoso trabajo en equipo logramos rescatar dichos espacios para el disfrute y esparcimiento del gremio en Ciudad Bol\u00edvar. As\u00ed mismo hicimos labores de saneamiento y habilitamos nuevos espacios\u201d, expresaron los profesionales del derecho.<\/p>\n<p>Finalmente, hicieron una invitaci\u00f3n a los agremiados a sumarse a estas iniciativas.<\/p>\n<p>\u201cInvitamos a nuestros colegas a animarse, a unirse y seguir trabajando por un solo norte como lo es el rescate del Colegio de Abogados del estado Bol\u00edvar, no solo a nivel de infraestructura, tambi\u00e9n a nivel de lo que significa la Magistratura. Es una labor en la que los grandes beneficiados seremos nosotros mismos, nuestros familiares y la comunidad en general\u201d, concluyeron.<\/p>\n<p>Gledis Bonilla<\/p>\n","protected":false},"excerpt":{"rendered":"<p>En un esfuerzo conjunto propiciado por iniciativa de la organizaci\u00f3n Fuerza Legal, de la mano con la junta directiva y el apoyo de la Secretaria de Servicios Generales de la Gobernaci\u00f3n, se realiz\u00f3 una jornada de embellecimiento y rescate de las instalaciones de la sede del Colegio de Abogados de Ciudad Bol\u00edvar, ubicado en la [&hellip;]<\/p>\n","protected":false},"author":19,"featured_media":231205,"comment_status":"closed","ping_status":"closed","sticky":false,"template":"","format":"standard","meta":{"footnotes":""},"categories":[2],"tags":[],"class_list":{"0":"post-231204","1":"post","2":"type-post","3":"status-publish","4":"format-standard","5":"has-post-thumbnail","7":"category-comunidad"},"_links":{"self":[{"href":"https:\/\/elluchador.info\/index.php?rest_route=\/wp\/v2\/posts\/231204","targetHints":{"allow":["GET"]}}],"collection":[{"href":"https:\/\/elluchador.info\/index.php?rest_route=\/wp\/v2\/posts"}],"about":[{"href":"https:\/\/elluchador.info\/index.php?rest_route=\/wp\/v2\/types\/post"}],"author":[{"embeddable":true,"href":"https:\/\/elluchador.info\/index.php?rest_route=\/wp\/v2\/users\/19"}],"replies":[{"embeddable":true,"href":"https:\/\/elluchador.info\/index.php?rest_route=%2Fwp%2Fv2%2Fcomments&post=231204"}],"version-history":[{"count":1,"href":"https:\/\/elluchador.info\/index.php?rest_route=\/wp\/v2\/posts\/231204\/revisions"}],"predecessor-version":[{"id":231206,"href":"https:\/\/elluchador.info\/index.php?rest_route=\/wp\/v2\/posts\/231204\/revisions\/231206"}],"wp:featuredmedia":[{"embeddable":true,"href":"https:\/\/elluchador.info\/index.php?rest_route=\/wp\/v2\/media\/231205"}],"wp:attachment":[{"href":"https:\/\/elluchador.info\/index.php?rest_route=%2Fwp%2Fv2%2Fmedia&parent=231204"}],"wp:term":[{"taxonomy":"category","embeddable":true,"href":"https:\/\/elluchador.info\/index.php?rest_route=%2Fwp%2Fv2%2Fcategories&post=231204"},{"taxonomy":"post_tag","embeddable":true,"href":"https:\/\/elluchador.info\/index.php?rest_route=%2Fwp%2Fv2%2Ftags&post=231204"}],"curies":[{"name":"wp","href":"https:\/\/api.w.org\/{rel}","templated":true}]}}