{"id":231237,"date":"2022-11-23T11:35:24","date_gmt":"2022-11-23T15:35:24","guid":{"rendered":"https:\/\/elluchador.info\/web\/?p=231237"},"modified":"2022-11-23T11:35:24","modified_gmt":"2022-11-23T15:35:24","slug":"papa-francisco-pide-que-el-mundial-de-futbol-fomente-la-fraternidad-entre-paises","status":"publish","type":"post","link":"https:\/\/elluchador.info\/?p=231237","title":{"rendered":"Papa Francisco pide que el Mundial de f\u00fatbol fomente la fraternidad entre pa\u00edses"},"content":{"rendered":"<p>El papa Francisco realiz\u00f3 un llamado para que el Mundial de f\u00fatbol que se est\u00e1 celebrando en Catar \u00absea una ocasi\u00f3n de encuentro y armon\u00eda entre las naciones, fomentando la fraternidad y la paz entre los pueblos\u00bb.<\/p>\n<p>\u00abQuisiera enviar un saludo a los jugadores, a los aficionados y a los espectadores que siguen el Mundial que se est\u00e1 disputando en Catar desde varios continentes. Que este importante acontecimiento sea una ocasi\u00f3n de encuentro y armon\u00eda entre las naciones, fomentando la fraternidad y la paz entre los pueblos\u00bb, dijo al final de la audiencia general que se celebr\u00f3 como cada mi\u00e9rcoles en la Plaza de San Pedro.<\/p>\n<p>La elecci\u00f3n de Catar como anfitri\u00f3n del Mundial de f\u00fatbol ha despertado duras cr\u00edticas por sus pol\u00edticas internas, restrictivas con las libertades individuales, los derechos laborales y el respeto a las minor\u00edas.<\/p>\n<p>Diferentes ONG internacionales han denunciado la situaci\u00f3n de los derechos humanos en el pa\u00eds \u00e1rabe, bas\u00e1ndose en exhaustivas investigaciones y numerosas fuentes.<\/p>\n<p>Durante su reciente viaje en Bar\u00e9in, el pont\u00edfice argentino abog\u00f3 para que en toda la regi\u00f3n del golfo p\u00e9rsico se fomenten \u00abderechos y condiciones justas y cada vez mejores para los trabajadores, las mujeres y los j\u00f3venes, garantizando al mismo tiempo respeto y atenci\u00f3n para los que sufren mayor marginaci\u00f3n en la sociedad, como los que han emigrado y los presos\u00bb.<\/p>\n<p>Con informaci\u00f3n de www.globovision.com<\/p>\n","protected":false},"excerpt":{"rendered":"<p>El papa Francisco realiz\u00f3 un llamado para que el Mundial de f\u00fatbol que se est\u00e1 celebrando en Catar \u00absea una ocasi\u00f3n de encuentro y armon\u00eda entre las naciones, fomentando la fraternidad y la paz entre los pueblos\u00bb. \u00abQuisiera enviar un saludo a los jugadores, a los aficionados y a los espectadores que siguen el Mundial [&hellip;]<\/p>\n","protected":false},"author":19,"featured_media":231238,"comment_status":"closed","ping_status":"closed","sticky":false,"template":"","format":"standard","meta":{"footnotes":""},"categories":[8],"tags":[],"class_list":{"0":"post-231237","1":"post","2":"type-post","3":"status-publish","4":"format-standard","5":"has-post-thumbnail","7":"category-internacionales"},"_links":{"self":[{"href":"https:\/\/elluchador.info\/index.php?rest_route=\/wp\/v2\/posts\/231237","targetHints":{"allow":["GET"]}}],"collection":[{"href":"https:\/\/elluchador.info\/index.php?rest_route=\/wp\/v2\/posts"}],"about":[{"href":"https:\/\/elluchador.info\/index.php?rest_route=\/wp\/v2\/types\/post"}],"author":[{"embeddable":true,"href":"https:\/\/elluchador.info\/index.php?rest_route=\/wp\/v2\/users\/19"}],"replies":[{"embeddable":true,"href":"https:\/\/elluchador.info\/index.php?rest_route=%2Fwp%2Fv2%2Fcomments&post=231237"}],"version-history":[{"count":1,"href":"https:\/\/elluchador.info\/index.php?rest_route=\/wp\/v2\/posts\/231237\/revisions"}],"predecessor-version":[{"id":231239,"href":"https:\/\/elluchador.info\/index.php?rest_route=\/wp\/v2\/posts\/231237\/revisions\/231239"}],"wp:featuredmedia":[{"embeddable":true,"href":"https:\/\/elluchador.info\/index.php?rest_route=\/wp\/v2\/media\/231238"}],"wp:attachment":[{"href":"https:\/\/elluchador.info\/index.php?rest_route=%2Fwp%2Fv2%2Fmedia&parent=231237"}],"wp:term":[{"taxonomy":"category","embeddable":true,"href":"https:\/\/elluchador.info\/index.php?rest_route=%2Fwp%2Fv2%2Fcategories&post=231237"},{"taxonomy":"post_tag","embeddable":true,"href":"https:\/\/elluchador.info\/index.php?rest_route=%2Fwp%2Fv2%2Ftags&post=231237"}],"curies":[{"name":"wp","href":"https:\/\/api.w.org\/{rel}","templated":true}]}}