{"id":231257,"date":"2022-11-23T12:49:09","date_gmt":"2022-11-23T16:49:09","guid":{"rendered":"https:\/\/elluchador.info\/web\/?p=231257"},"modified":"2022-11-23T12:49:09","modified_gmt":"2022-11-23T16:49:09","slug":"ii-expo-seguridad-ciudadana-2022-se-hara-del-2-al-4-de-diciembre","status":"publish","type":"post","link":"https:\/\/elluchador.info\/?p=231257","title":{"rendered":"II Expo Seguridad Ciudadana 2022 se har\u00e1 del 2 al 4 de diciembre"},"content":{"rendered":"<p>El ministro del Poder Popular para las Relaciones Interiores, Justicia y Paz, A\/J Remigio Ceballos Ichaso, inform\u00f3 que se efectuar\u00e1 la segunda edici\u00f3n de la Expo Seguridad Ciudadana 2022, para mostrar los avances del pa\u00eds en la consolidaci\u00f3n de la paz y seguridad.<\/p>\n<p>A trav\u00e9s de la red social Twitter, @CeballosIchaso1, el ministro Ceballos detall\u00f3 que la exposici\u00f3n se desarrollar\u00e1 desde el 2 hasta el 4 de diciembre en el Parque Sim\u00f3n Bol\u00edvar en La Carlota, Caracas.<\/p>\n<p>En este evento se exhibir\u00e1 el desarrollo t\u00e9cnico y cient\u00edfico venezolano en materia de seguridad y las buenas pr\u00e1cticas implementadas por los organismos relacionados con la protecci\u00f3n y defensa de la vida.<\/p>\n<p>Tambi\u00e9n se mostrar\u00e1n los logros conjuntos alcanzados por los organismos de seguridad ciudadana y el Gobierno Bolivariano en el \u00e1mbito de la defensa de la vida, as\u00ed como la capacidad operativa con la que cuentan estos cuerpos de seguridad, de acuerdo a un video difundido por Ceballos.<\/p>\n<p>El titular de la cartera de Relaciones Interiores, Justicia y Paz indic\u00f3 en uno de los mensajes publicados que esta exposici\u00f3n proveer\u00e1 a la poblaci\u00f3n el conocimiento sobre el funcionamiento de la Gran Misi\u00f3n Cuadrantes de Paz, \u00abpol\u00edtica fundamental para combatir el delito y mitigar los factores de riesgo\u00bb en el pa\u00eds.<\/p>\n<p>Con informaci\u00f3n de www.vtv.gob.ve<\/p>\n","protected":false},"excerpt":{"rendered":"<p>El ministro del Poder Popular para las Relaciones Interiores, Justicia y Paz, A\/J Remigio Ceballos Ichaso, inform\u00f3 que se efectuar\u00e1 la segunda edici\u00f3n de la Expo Seguridad Ciudadana 2022, para mostrar los avances del pa\u00eds en la consolidaci\u00f3n de la paz y seguridad. A trav\u00e9s de la red social Twitter, @CeballosIchaso1, el ministro Ceballos detall\u00f3 [&hellip;]<\/p>\n","protected":false},"author":19,"featured_media":231258,"comment_status":"closed","ping_status":"closed","sticky":false,"template":"","format":"standard","meta":{"footnotes":""},"categories":[9],"tags":[],"class_list":{"0":"post-231257","1":"post","2":"type-post","3":"status-publish","4":"format-standard","5":"has-post-thumbnail","7":"category-nacionales"},"_links":{"self":[{"href":"https:\/\/elluchador.info\/index.php?rest_route=\/wp\/v2\/posts\/231257","targetHints":{"allow":["GET"]}}],"collection":[{"href":"https:\/\/elluchador.info\/index.php?rest_route=\/wp\/v2\/posts"}],"about":[{"href":"https:\/\/elluchador.info\/index.php?rest_route=\/wp\/v2\/types\/post"}],"author":[{"embeddable":true,"href":"https:\/\/elluchador.info\/index.php?rest_route=\/wp\/v2\/users\/19"}],"replies":[{"embeddable":true,"href":"https:\/\/elluchador.info\/index.php?rest_route=%2Fwp%2Fv2%2Fcomments&post=231257"}],"version-history":[{"count":1,"href":"https:\/\/elluchador.info\/index.php?rest_route=\/wp\/v2\/posts\/231257\/revisions"}],"predecessor-version":[{"id":231259,"href":"https:\/\/elluchador.info\/index.php?rest_route=\/wp\/v2\/posts\/231257\/revisions\/231259"}],"wp:featuredmedia":[{"embeddable":true,"href":"https:\/\/elluchador.info\/index.php?rest_route=\/wp\/v2\/media\/231258"}],"wp:attachment":[{"href":"https:\/\/elluchador.info\/index.php?rest_route=%2Fwp%2Fv2%2Fmedia&parent=231257"}],"wp:term":[{"taxonomy":"category","embeddable":true,"href":"https:\/\/elluchador.info\/index.php?rest_route=%2Fwp%2Fv2%2Fcategories&post=231257"},{"taxonomy":"post_tag","embeddable":true,"href":"https:\/\/elluchador.info\/index.php?rest_route=%2Fwp%2Fv2%2Ftags&post=231257"}],"curies":[{"name":"wp","href":"https:\/\/api.w.org\/{rel}","templated":true}]}}