{"id":231288,"date":"2022-11-24T09:26:19","date_gmt":"2022-11-24T13:26:19","guid":{"rendered":"https:\/\/elluchador.info\/web\/?p=231288"},"modified":"2022-11-24T09:26:19","modified_gmt":"2022-11-24T13:26:19","slug":"autoridades-y-estudiantes-denuncian-asfixia-presupuestaria-que-impide-a-universidades-cubrir-necesidades","status":"publish","type":"post","link":"https:\/\/elluchador.info\/?p=231288","title":{"rendered":"Autoridades y estudiantes denuncian \u00abasfixia presupuestaria\u00bb que impide a universidades cubrir necesidades"},"content":{"rendered":"<p>Patricia Brice\u00f1o, estudiante de comunicaci\u00f3n social y consejera universitaria de la UCV advirti\u00f3 sobre las dificultades que presentan los ucevistas para acceder a servicios de salud, becas, transporte y comedores, aspectos que son obligaci\u00f3n del Estado.<\/p>\n<p>Insisti\u00f3 en que para un estudiante de la UCV es muy dif\u00edcil acceder a servicios de salud porque las jornadas son escasas y adem\u00e1s no se enteran por la falta de inter\u00e9s en la vida universitaria.<\/p>\n<p>Brice\u00f1o resalt\u00f3 que una de las mayores preocupaciones de los j\u00f3venes universitarios es la falta de profesores con escalaf\u00f3n por la \u00abasfixia presupuestaria\u00ab, que hace que se presente un d\u00e9ficit dentro de las actividades.<\/p>\n<p>\u00abTenemos un pensum que no se actualiza desde los a\u00f1os 90 y eso nos impacta muy negativamente. No hay l\u00edneas de investigaci\u00f3n en laboratorio porque estos est\u00e1n en mal estado\u00bb a\u00f1adi\u00f3.<\/p>\n<p>Destac\u00f3 que desde hace 4 a\u00f1os la realidad universitaria en Venezuela ha cambiado por la abstenci\u00f3n de los beneficios que deber\u00eda dar el estado y la falta de presupuesto que los ha afectado desde hace mucho.<\/p>\n<p>\u00abTenemos un comedor nuevo que no podemos usar porque no tiene recursos ni comidas\u00bb acot\u00f3.<\/p>\n<p>Por su parte, Jessy Divo, rectora de la Universidad de Carabobo, asegur\u00f3 que si no se entiende que hay que invertir en educaci\u00f3n para hablar de desarrollo sostenible, no se podr\u00e1 avanzar en materia de educaci\u00f3n.<\/p>\n<p>Tambi\u00e9n te puede interesar: Jos\u00e9 Francisco Ju\u00e1rez: Hay un trabajo que se tiene que hacer por la universidades en t\u00e9rminos de poder ayudar dentro de las limitaciones a que los j\u00f3venes<\/p>\n<p>Coincidieron en la denuncia de la asfixia presupuestaria que no les permite acceder a beneficios ni cubrir sus necesidades.<\/p>\n<p>\u00abNos eliminaron todo lo referente a seguridad social, el presupuesto alcanza para muy poco. La pandemia afecto estas universidades que sin presupuesto a duras penas pod\u00edan cubrir su componente m\u00ednimo de docencia\u00bb dijo.<\/p>\n<p>Explic\u00f3 que sobre la base de la autogesti\u00f3n, han entendido que se deben procurar sus propios recursos y basarse en los aliados.<\/p>\n<p>\u00abNosotros en alg\u00fan momento llegamos a cubrir las necesidades de 60 mil estudiantes de nuestra universidad, hoy en d\u00eda no llegamos a 30 mil estudiantes en nuestra matr\u00edcula de pregrado\u00bb se\u00f1al\u00f3.<\/p>\n<p>Con informaci\u00f3n de mundour.com<\/p>\n","protected":false},"excerpt":{"rendered":"<p>Patricia Brice\u00f1o, estudiante de comunicaci\u00f3n social y consejera universitaria de la UCV advirti\u00f3 sobre las dificultades que presentan los ucevistas para acceder a servicios de salud, becas, transporte y comedores, aspectos que son obligaci\u00f3n del Estado. Insisti\u00f3 en que para un estudiante de la UCV es muy dif\u00edcil acceder a servicios de salud porque las [&hellip;]<\/p>\n","protected":false},"author":19,"featured_media":231289,"comment_status":"closed","ping_status":"closed","sticky":false,"template":"","format":"standard","meta":{"footnotes":""},"categories":[9],"tags":[],"class_list":{"0":"post-231288","1":"post","2":"type-post","3":"status-publish","4":"format-standard","5":"has-post-thumbnail","7":"category-nacionales"},"_links":{"self":[{"href":"https:\/\/elluchador.info\/index.php?rest_route=\/wp\/v2\/posts\/231288","targetHints":{"allow":["GET"]}}],"collection":[{"href":"https:\/\/elluchador.info\/index.php?rest_route=\/wp\/v2\/posts"}],"about":[{"href":"https:\/\/elluchador.info\/index.php?rest_route=\/wp\/v2\/types\/post"}],"author":[{"embeddable":true,"href":"https:\/\/elluchador.info\/index.php?rest_route=\/wp\/v2\/users\/19"}],"replies":[{"embeddable":true,"href":"https:\/\/elluchador.info\/index.php?rest_route=%2Fwp%2Fv2%2Fcomments&post=231288"}],"version-history":[{"count":1,"href":"https:\/\/elluchador.info\/index.php?rest_route=\/wp\/v2\/posts\/231288\/revisions"}],"predecessor-version":[{"id":231290,"href":"https:\/\/elluchador.info\/index.php?rest_route=\/wp\/v2\/posts\/231288\/revisions\/231290"}],"wp:featuredmedia":[{"embeddable":true,"href":"https:\/\/elluchador.info\/index.php?rest_route=\/wp\/v2\/media\/231289"}],"wp:attachment":[{"href":"https:\/\/elluchador.info\/index.php?rest_route=%2Fwp%2Fv2%2Fmedia&parent=231288"}],"wp:term":[{"taxonomy":"category","embeddable":true,"href":"https:\/\/elluchador.info\/index.php?rest_route=%2Fwp%2Fv2%2Fcategories&post=231288"},{"taxonomy":"post_tag","embeddable":true,"href":"https:\/\/elluchador.info\/index.php?rest_route=%2Fwp%2Fv2%2Ftags&post=231288"}],"curies":[{"name":"wp","href":"https:\/\/api.w.org\/{rel}","templated":true}]}}