{"id":233377,"date":"2022-12-13T18:16:57","date_gmt":"2022-12-13T22:16:57","guid":{"rendered":"https:\/\/elluchador.info\/web\/?p=233377"},"modified":"2022-12-13T18:16:57","modified_gmt":"2022-12-13T22:16:57","slug":"conductor-cayo-por-un-barranco-en-autopista-caracas-la-guaira","status":"publish","type":"post","link":"https:\/\/elluchador.info\/?p=233377","title":{"rendered":"Conductor cay\u00f3 por un barranco en autopista Caracas-La Guaira"},"content":{"rendered":"<p>Funcionarios de la Brigada de Respuesta Inmediata Motorizada de la Polic\u00eda de La Guaira, rescataron a un conductor, luego de que este cayera por un barranco en la autopista Caracas-La Guaira.<\/p>\n<p>Seg\u00fan el reporte del\u00a0secretario de seguridad ciudadana\u00a0de La Guaira, Andr\u00e9s Goncalves, los oficiales adscritos a la Secretar\u00eda se percataron de que un veh\u00edculo Chevrolet Optra, color azul se precipit\u00f3 por fuera de la v\u00eda. El incidente ocurri\u00f3 a la altura del kil\u00f3metro 9 de la autopista, con sentido hacia el Litoral, pocos metros antes del t\u00fanel Boquer\u00f3n I.<\/p>\n<p>De inmediato, alertaron sobre la situaci\u00f3n; mientras que descendieron hasta el lugar del hecho, donde localizaron al conductor herido.<\/p>\n<p>Pocos minutos despu\u00e9s, llegaron funcionarios de apoyo de la Unidad de Seguridad y Auxilio Vial de la GNB, Bomberos del Distrito Capital y de La Guaira, param\u00e9dicos de Protecci\u00f3n Civil. Adem\u00e1s, se present\u00f3 el personal de Emergencias La Guaira 171.<\/p>\n<p>M\u00e1s de 50 funcionarios trabajaron durante, aproximadamente, una hora, para extraer al conductor.<\/p>\n<p>El lesionado responde al nombre de \u00a0Elio Rafael Aguirre Neder, de 64 a\u00f1os. Los funcionarios regionales de Protecci\u00f3n Civil lo trasladaron hasta el hospital Perif\u00e9rico de Pariata. Se desconoce su estado de salud.<\/p>\n<p>Diario2001<\/p>\n","protected":false},"excerpt":{"rendered":"<p>Funcionarios de la Brigada de Respuesta Inmediata Motorizada de la Polic\u00eda de La Guaira, rescataron a un conductor, luego de que este cayera por un barranco en la autopista Caracas-La Guaira. Seg\u00fan el reporte del\u00a0secretario de seguridad ciudadana\u00a0de La Guaira, Andr\u00e9s Goncalves, los oficiales adscritos a la Secretar\u00eda se percataron de que un veh\u00edculo Chevrolet [&hellip;]<\/p>\n","protected":false},"author":19,"featured_media":233378,"comment_status":"closed","ping_status":"closed","sticky":false,"template":"","format":"standard","meta":{"footnotes":""},"categories":[13],"tags":[],"class_list":{"0":"post-233377","1":"post","2":"type-post","3":"status-publish","4":"format-standard","5":"has-post-thumbnail","7":"category-sucesos"},"_links":{"self":[{"href":"https:\/\/elluchador.info\/index.php?rest_route=\/wp\/v2\/posts\/233377","targetHints":{"allow":["GET"]}}],"collection":[{"href":"https:\/\/elluchador.info\/index.php?rest_route=\/wp\/v2\/posts"}],"about":[{"href":"https:\/\/elluchador.info\/index.php?rest_route=\/wp\/v2\/types\/post"}],"author":[{"embeddable":true,"href":"https:\/\/elluchador.info\/index.php?rest_route=\/wp\/v2\/users\/19"}],"replies":[{"embeddable":true,"href":"https:\/\/elluchador.info\/index.php?rest_route=%2Fwp%2Fv2%2Fcomments&post=233377"}],"version-history":[{"count":1,"href":"https:\/\/elluchador.info\/index.php?rest_route=\/wp\/v2\/posts\/233377\/revisions"}],"predecessor-version":[{"id":233379,"href":"https:\/\/elluchador.info\/index.php?rest_route=\/wp\/v2\/posts\/233377\/revisions\/233379"}],"wp:featuredmedia":[{"embeddable":true,"href":"https:\/\/elluchador.info\/index.php?rest_route=\/wp\/v2\/media\/233378"}],"wp:attachment":[{"href":"https:\/\/elluchador.info\/index.php?rest_route=%2Fwp%2Fv2%2Fmedia&parent=233377"}],"wp:term":[{"taxonomy":"category","embeddable":true,"href":"https:\/\/elluchador.info\/index.php?rest_route=%2Fwp%2Fv2%2Fcategories&post=233377"},{"taxonomy":"post_tag","embeddable":true,"href":"https:\/\/elluchador.info\/index.php?rest_route=%2Fwp%2Fv2%2Ftags&post=233377"}],"curies":[{"name":"wp","href":"https:\/\/api.w.org\/{rel}","templated":true}]}}