{"id":233435,"date":"2022-12-14T16:50:17","date_gmt":"2022-12-14T20:50:17","guid":{"rendered":"https:\/\/elluchador.info\/web\/?p=233435"},"modified":"2022-12-14T16:50:17","modified_gmt":"2022-12-14T20:50:17","slug":"mayores-con-enfermedad-cronica-vulnerabilidad-y-soledad","status":"publish","type":"post","link":"https:\/\/elluchador.info\/?p=233435","title":{"rendered":"Mayores con enfermedad cr\u00f3nica: vulnerabilidad y soledad"},"content":{"rendered":"<p>Las cifras sobre el efecto de la enfermedad cr\u00f3nica en mayores son esclarecedoras: el 28 % de las personas que padecen una enfermedad cr\u00f3nica y superan los 65 a\u00f1os viven solas y hasta un 43 % de estos se sienten mal por ello.<\/p>\n<p><strong>La Plataforma de Organizaciones de Pacientes (POP)<\/strong>, en colaboraci\u00f3n con el Ministerio de Derechos Sociales y Agenda 2030, ha presentado este estudio con la intenci\u00f3n de identificar la situaci\u00f3n de la atenci\u00f3n sanitaria y social, adem\u00e1s del impacto emocional de la enfermedad cr\u00f3nica.<\/p>\n<h2 class=\"wp-block-heading\">Hay mucho margen de mejora<\/h2>\n<p>El objetivo primigenio no es otro que\u00a0<strong>proponer posibilidades de mejora<\/strong>.<\/p>\n<p>As\u00ed, la\u00a0<strong>presidenta de la POP, Carina Escobar<\/strong>, pone sobre la mesa la clave del asunto:<\/p>\n<blockquote class=\"wp-block-quote\"><p>\u201cUna atenci\u00f3n m\u00e1s centrada en las personas, especialmente las m\u00e1s vulnerables, procesos asistenciales m\u00e1s proactivos, flexibles, que tenga en cuenta situaciones como la soledad, la edad avanzada o la situaci\u00f3n socioecon\u00f3mica\u201d, considera Carina Escobar.<\/p><\/blockquote>\n<p>Del estudio se extraen conclusiones en base a los siguientes aspectos:<\/p>\n<h3 class=\"wp-block-heading\">Perfil m\u00e1s vulnerable<\/h3>\n<p>El perfil m\u00e1s vulnerable es el de\u00a0<strong>mujeres mayores de 80 a\u00f1os<\/strong>:<\/p>\n<ul>\n<li><strong>Ingresos\u00a0<\/strong>y nivel de\u00a0<strong>estudios bajos<\/strong>.<\/li>\n<li><strong>Pluripatolog\u00eda<\/strong>.<\/li>\n<li>Con<strong>\u00a0barreras de comunicaci\u00f3n\u00a0<\/strong>con sus profesionales sanitarios que limitan su autocuidado.<\/li>\n<li><strong>Asisten a menos consultas m\u00e9dicas<\/strong>.<\/li>\n<li>Les resulta muy\u00a0<strong>complicado acceder a recursos sociales<\/strong>.<\/li>\n<li>Reciben\u00a0<strong>menos ayuda de su entorno familiar y profesional\u00a0<\/strong>de la que necesitan.<\/li>\n<\/ul>\n<h3 class=\"wp-block-heading\">Necesidades<\/h3>\n<p>Una de las ideas que m\u00e1s destacan del estudio es que el 30 % de las personas mayores que necesitan ayudas no reciben ning\u00fan tipo de asistencia para sus cuidados. Los tres tipos de tareas que necesitan con mayor frecuencia son:<\/p>\n<ul>\n<li><strong>Salir\u00a0<\/strong>a la calle<\/li>\n<li>Hacer la\u00a0<strong>comida<\/strong><\/li>\n<li><strong>Tareas del hogar<\/strong>\u00a0como:\n<ul>\n<li>Limpieza<\/li>\n<li>Ordenar<\/li>\n<li>Lavar<\/li>\n<li>Planchar<\/li>\n<\/ul>\n<\/li>\n<\/ul>\n<h3 class=\"wp-block-heading\">Situaci\u00f3n econ\u00f3mica<\/h3>\n<p>Las dificultades econ\u00f3micas que atraviesan los mayores tampoco pasan desapercibidas. El 44 % de los encuestados declaran tener alg\u00fan tipo de\u00a0<strong>dificultad econ\u00f3mica<\/strong>\u00a0para llegar a fin de mes. Los gastos m\u00e1s dif\u00edcil de afrontar son:<\/p>\n<ul>\n<li>Aquellos relacionados con las\u00a0<strong>necesidades b\u00e1sicas<\/strong>\u00a0como\u2026\n<ul>\n<li>La vivienda<\/li>\n<li>Suministros<\/li>\n<li>Compras de alimentaci\u00f3n<\/li>\n<\/ul>\n<\/li>\n<li>Costes derivados de la\u00a0<strong>fisioterapia y rehabilitaci\u00f3n<\/strong><\/li>\n<\/ul>\n<h3 class=\"wp-block-heading\">Enfermedad cr\u00f3nica y malestar psicol\u00f3gico en los mayores<\/h3>\n<p>El malestar psicol\u00f3gico que produce en muchas ocasiones el padecer una enfermedad cr\u00f3nica afecta al<strong>\u00a061 % de las personas<\/strong>\u00a0mayores encuestadas. Estos admiten tener pensamientos y emociones negativas ocasionalmente debido a su enfermedad. El 28 %, por otra parte, afirma que los tiene con frecuencia.<\/p>\n<p>Esto da lugar a que el 47 % declare que se relaciona menos o mucho menos que antes debido a su estado de salud, lo cual refuerza ese malestar:\u00a0<strong>a menor frecuencia de interacciones sociales, mayor malestar psicol\u00f3gico\u00a0<\/strong>y viceversa.<\/p>\n<h4 class=\"wp-block-heading\">El perfil de los afectados<\/h4>\n<p>Las mayores v\u00edctimas de esta situaci\u00f3n son:<\/p>\n<ul>\n<li>Mayores de 80 a\u00f1os.<\/li>\n<li>Con estudios y de clase social baja.<\/li>\n<li>Con m\u00e1s de una enfermedad cr\u00f3nica.<\/li>\n<\/ul>\n<h4 class=\"wp-block-heading\">Tratamiento para la salud mental<\/h4>\n<p>Adem\u00e1s, el acceso a tratamiento por parte de especialistas de la salud mental es escaso. Solo el 8 % est\u00e1 siendo tratado actualmente, lejos del 32% de las personas que sienten malestar psicol\u00f3gico con frecuencia<\/p>\n<h3 class=\"wp-block-heading\">Atenci\u00f3n y asistencia<\/h3>\n<p>La\u00a0<a href=\"https:\/\/efesalud.com\/atencion-sanitaria-ranking-mundial\/\" target=\"_blank\" rel=\"noreferrer noopener\" data-wpel-link=\"internal\">atenci\u00f3n sanitaria<\/a>\u00a0ha empeorado a ra\u00edz de la\u00a0<strong>pandemia<\/strong>: la valoraci\u00f3n que recibe es de\u00a0<strong>6,65<\/strong>.<\/p>\n<p>En lo referente a los recursos asistenciales, la falta de informaci\u00f3n es lo que m\u00e1s destaca. Las facilidades con las que cuentan como:<\/p>\n<ul>\n<li>Teleasistencia<\/li>\n<li>Centros de d\u00eda<\/li>\n<li>Ayudas domiciliarias<\/li>\n<li>Tarjetas de aparcamiento por movilidad reducida<\/li>\n<li>Ayudas econ\u00f3micas<\/li>\n<\/ul>\n<p>Llama la atenci\u00f3n el hecho de que los<strong>\u00a0propios usuarios se informan<\/strong>\u00a0de su existencia, evidenciando la falta de informaci\u00f3n en este sentido.<\/p>\n<div class=\"wp-block-image\">\n<figure class=\"aligncenter size-full is-resized\"><img loading=\"lazy\" decoding=\"async\" class=\"wp-image-216113 lazyautosizes lazyloaded\" style=\"box-sizing: border-box; height: auto; max-width: 100%; border-style: none; vertical-align: bottom; transition: all 0.3s ease-out 0s; display: inline-block; margin-bottom: 15px;\" src=\"https:\/\/efesalud.com\/wp-content\/uploads\/2021\/10\/paciente-anciano-recomendacion.jpg\" sizes=\"auto, 621px\" srcset=\"https:\/\/efesalud.com\/wp-content\/uploads\/2021\/10\/paciente-anciano-recomendacion.jpg 900w, https:\/\/efesalud.com\/wp-content\/uploads\/2021\/10\/paciente-anciano-recomendacion-300x200.jpg 300w, https:\/\/efesalud.com\/wp-content\/uploads\/2021\/10\/paciente-anciano-recomendacion-768x512.jpg 768w\" alt=\"paciente-anciano-recomendaci\u00f3n\" width=\"621\" height=\"414\" data-attachment-id=\"216113\" data-permalink=\"https:\/\/efesalud.com\/?attachment_id=216113\" data-orig-file=\"https:\/\/efesalud.com\/wp-content\/uploads\/2021\/10\/paciente-anciano-recomendacion.jpg\" data-orig-size=\"900,600\" data-comments-opened=\"0\" data-image-meta=\"{&quot;aperture&quot;:&quot;0&quot;,&quot;credit&quot;:&quot;&quot;,&quot;camera&quot;:&quot;&quot;,&quot;caption&quot;:&quot;&quot;,&quot;created_timestamp&quot;:&quot;0&quot;,&quot;copyright&quot;:&quot;&quot;,&quot;focal_length&quot;:&quot;0&quot;,&quot;iso&quot;:&quot;0&quot;,&quot;shutter_speed&quot;:&quot;0&quot;,&quot;title&quot;:&quot;&quot;,&quot;orientation&quot;:&quot;0&quot;}\" data-image-title=\"paciente-anciano-recomendaci\u00f3n\" data-image-description=\"\" data-image-caption=\"&lt;p&gt;Una trabajadora ayuda a una anciana\/EFE\/David Fern\u00e1ndez&lt;\/p&gt;\n\" data-medium-file=\"https:\/\/efesalud.com\/wp-content\/uploads\/2021\/10\/paciente-anciano-recomendacion-300x200.jpg\" data-large-file=\"https:\/\/efesalud.com\/wp-content\/uploads\/2021\/10\/paciente-anciano-recomendacion.jpg\" data-src=\"https:\/\/efesalud.com\/wp-content\/uploads\/2021\/10\/paciente-anciano-recomendacion.jpg\" data-srcset=\"https:\/\/efesalud.com\/wp-content\/uploads\/2021\/10\/paciente-anciano-recomendacion.jpg 900w, https:\/\/efesalud.com\/wp-content\/uploads\/2021\/10\/paciente-anciano-recomendacion-300x200.jpg 300w, https:\/\/efesalud.com\/wp-content\/uploads\/2021\/10\/paciente-anciano-recomendacion-768x512.jpg 768w\" data-sizes=\"auto\" \/><figcaption class=\"wp-element-caption\">Una trabajadora ayuda a una anciana\/EFE\/David Fern\u00e1ndez<\/figcaption><\/figure>\n<\/div>\n<h2 class=\"wp-block-heading\">\u00bfC\u00f3mo podemos cambiarlo?<\/h2>\n<p>Partiendo de las conclusiones del estudio, la\u00a0<a href=\"https:\/\/www.plataformadepacientes.org\/\" target=\"_blank\" rel=\"noreferrer noopener nofollow\" data-wpel-link=\"external\">POP\u00a0<\/a>define\u00a0<strong>nueve propuestas de mejora<\/strong>:<\/p>\n<ol>\n<li><strong>Atenci\u00f3n centrada en el paciente<\/strong>. Implementar las reformas necesarias para garantizarlo es esencial, especialmente en las personas mayores, atendiendo su fragilidad y respetando su autonom\u00eda y dignidad.<\/li>\n<li><strong>Atenci\u00f3n bio-psicosocial<\/strong>. Realizar un tipo de atenci\u00f3n adaptada a las necesidades de las personas mayores en situaci\u00f3n de vulnerabilidad, determinado por su estado cl\u00ednico, su soledad, su edad o la disponibilidad de un cuidador o familiar.<\/li>\n<li><strong>Atenci\u00f3n presencial, telem\u00e1tica y domiciliaria<\/strong>. Flexibilizar la atenci\u00f3n para que se contemple, acorde con las necesidades espec\u00edficas de cada cual es de gran trascendencia<\/li>\n<li><strong>Acceso a la informaci\u00f3n<\/strong>. Mejorar el acceso a la informaci\u00f3n por parte de pacientes y sus cuidadores sobre os recursos sociales y sociosanitarios a los que puedan acceder.<\/li>\n<li><strong>Integraci\u00f3n e interoperabilidad<\/strong>. Avanzar en estos aspectos entre los sistemas sanitario y social de forma que las personas mayores cuenten con una historia cl\u00ednica integrada dotada de informaci\u00f3n sanitaria y social.<\/li>\n<li><strong>Condiciones sociales b\u00e1sicas<\/strong>. Asegurar el derecho a unas condiciones b\u00e1sicas que afectan a la salud de las personas: vivienda, alimentaci\u00f3n o la factura de la luz, son tambi\u00e9n determinantes de la salud.<\/li>\n<li><strong>Necesidades de atenci\u00f3n psicol\u00f3gicas<\/strong>. Dar respuesta a estas necesidades, mediante la universalizaci\u00f3n de la atenci\u00f3n psicol\u00f3gica en el sistema p\u00fablico de salud y la incorporaci\u00f3n de las necesidades particulares de las personas mayores y sus familiares.<\/li>\n<li><strong>Formaci\u00f3n de profesionales sanitarios y no sanitarios<\/strong>. Fomentar la formaci\u00f3n en comunicaci\u00f3n e informaci\u00f3n para mejorar la\u00a0<em>relaci\u00f3n m\u00e9dico-paciente-cuidador<\/em>.<\/li>\n<li><strong>Equidad y acceso a los recursos sanitarios y sociales con perspectiva de g\u00e9nero<\/strong>. Todo con tal de atender las necesidades urgentes de las mujeres especialmente las m\u00e1s vulnerables.<\/li>\n<\/ol>\n","protected":false},"excerpt":{"rendered":"<p>Las cifras sobre el efecto de la enfermedad cr\u00f3nica en mayores son esclarecedoras: el 28 % de las personas que padecen una enfermedad cr\u00f3nica y superan los 65 a\u00f1os viven solas y hasta un 43 % de estos se sienten mal por ello. La Plataforma de Organizaciones de Pacientes (POP), en colaboraci\u00f3n con el Ministerio [&hellip;]<\/p>\n","protected":false},"author":19,"featured_media":233436,"comment_status":"closed","ping_status":"closed","sticky":false,"template":"","format":"standard","meta":{"footnotes":""},"categories":[19],"tags":[],"class_list":{"0":"post-233435","1":"post","2":"type-post","3":"status-publish","4":"format-standard","5":"has-post-thumbnail","7":"category-salud"},"_links":{"self":[{"href":"https:\/\/elluchador.info\/index.php?rest_route=\/wp\/v2\/posts\/233435","targetHints":{"allow":["GET"]}}],"collection":[{"href":"https:\/\/elluchador.info\/index.php?rest_route=\/wp\/v2\/posts"}],"about":[{"href":"https:\/\/elluchador.info\/index.php?rest_route=\/wp\/v2\/types\/post"}],"author":[{"embeddable":true,"href":"https:\/\/elluchador.info\/index.php?rest_route=\/wp\/v2\/users\/19"}],"replies":[{"embeddable":true,"href":"https:\/\/elluchador.info\/index.php?rest_route=%2Fwp%2Fv2%2Fcomments&post=233435"}],"version-history":[{"count":1,"href":"https:\/\/elluchador.info\/index.php?rest_route=\/wp\/v2\/posts\/233435\/revisions"}],"predecessor-version":[{"id":233437,"href":"https:\/\/elluchador.info\/index.php?rest_route=\/wp\/v2\/posts\/233435\/revisions\/233437"}],"wp:featuredmedia":[{"embeddable":true,"href":"https:\/\/elluchador.info\/index.php?rest_route=\/wp\/v2\/media\/233436"}],"wp:attachment":[{"href":"https:\/\/elluchador.info\/index.php?rest_route=%2Fwp%2Fv2%2Fmedia&parent=233435"}],"wp:term":[{"taxonomy":"category","embeddable":true,"href":"https:\/\/elluchador.info\/index.php?rest_route=%2Fwp%2Fv2%2Fcategories&post=233435"},{"taxonomy":"post_tag","embeddable":true,"href":"https:\/\/elluchador.info\/index.php?rest_route=%2Fwp%2Fv2%2Ftags&post=233435"}],"curies":[{"name":"wp","href":"https:\/\/api.w.org\/{rel}","templated":true}]}}