{"id":233528,"date":"2022-12-15T13:22:12","date_gmt":"2022-12-15T17:22:12","guid":{"rendered":"https:\/\/elluchador.info\/web\/?p=233528"},"modified":"2022-12-15T13:22:12","modified_gmt":"2022-12-15T17:22:12","slug":"alba-declara-que-la-detencion-de-pedro-castillo-en-peru-es-un-golpe-de-estado","status":"publish","type":"post","link":"https:\/\/elluchador.info\/?p=233528","title":{"rendered":"Alba declara que la detenci\u00f3n de Pedro Castillo en Per\u00fa es un golpe de Estado"},"content":{"rendered":"<p>Este mi\u00e9rcoles durante la XXII Cumbre de jefes de Estado y de Gobierno de la Alianza Bolivariana para los Pueblos de Nuestra Am\u00e9rica (Alba-TCP), celebrada a puerta cerrada en el Palacio de La Revoluci\u00f3n en La Habana, Cuba, la organizaci\u00f3n denunci\u00f3 la detenci\u00f3n arbitraria del presidente de Per\u00fa, Pedro Castillo, por parte de los agentes policiales que deb\u00edan resguardar su integridad como un golpe de Estado.<\/p>\n<p>La posici\u00f3n de la alianza latinocaribe\u00f1a alega que no hubo una orden judicial contra Castillo al momento de su arresto el d\u00eda 7 de diciembre pasado cuando fue vacado, coincidiendo con los argumentos presentados por la defensa del mandatario, exigiendo su excarcelaci\u00f3n de la prisi\u00f3n preventiva ordenada por un juez mientras se prepara un caso en contra de Castillo bajo acusaciones de rebeli\u00f3n, despu\u00e9s de que, el ahora exmandatario, leyera un decreto en el que cerraba temporalmente el Congreso, llamaba a elecciones generales incluyendo una asamblea constituyente; convocaba un Gobierno de excepci\u00f3n y decretaba toque de queda esa noche y la madrugada del d\u00eda siguiente, pero tal decreto no tuvo respuesta de las Fuerzas Armadas de Per\u00fa.<\/p>\n<p>Asimismo, los pa\u00edses que conforman el Alba-TCP, a trav\u00e9s de un comunicado conjunto, los gobiernos de Argentina, Bolivia, Colombia y M\u00e9xico repudiaron los recientes acontecimientos pol\u00edticos en Per\u00fa que culminaron con la detenci\u00f3n de Castillo, violando la voluntad popular que lo eligi\u00f3 como presidente el pasado 28 de julio del 2021.<\/p>\n<p>Pedro Castillo, antes de ser arrestado, fue revocado de su cargo por el Parlamento peruano en un proceso legislativo que se\u00f1alan de contrario a la voluntad del pueblo que se expres\u00f3 en las urnas y lo escogi\u00f3 como mandatario. Partidos peruanos se\u00f1alan a la mayor\u00eda parlamentaria que vac\u00f3 a Castillo como racista y destacan, coincidiendo con los gobiernos de Argentina, Bolivia, Colombia y M\u00e9xico, que hubo una persecuci\u00f3n contra el jefe de Estado desde antes de su juramentaci\u00f3n por parte de las oligarqu\u00edas y la derecha extrema que no pretend\u00edan permitir el mandato de alguien ajeno a sus c\u00edrculos de poder.<\/p>\n<p>Xiomara Castro, presidenta de Honduras, y los expresidentes de Honduras, Manuel Zelaya y de Bolivia, Evo Morales, tambi\u00e9n denunciaron como un golpe de Estado el arresto de Castillo en Per\u00fa.<\/p>\n<p>Tambi\u00e9n otra de las posiciones de un gobierno regional, previa a la declaraci\u00f3n del Alba-TCP, es la del mexicano, presidido por Andr\u00e9s Manuel L\u00f3pez Obrador, expres\u00f3 que \u00abse debe respetar la voluntad del pueblo (peruano) que lo eligi\u00f3 (a Pedro Castillo)\u00bb, indic\u00f3 L\u00f3pez Obrador.<\/p>\n<p>Agreg\u00f3 que \u00ab(Castillo) gan\u00f3 democr\u00e1ticamente y que no se le puede destituir\u00bb y enfatiz\u00f3 en que \u00abEso (de la vacancia contra el presidente por parte del Parlamento), de origen, aunque est\u00e9 en la Constituci\u00f3n peruana tiene un problema, una falla antidemocr\u00e1tica de origen\u00bb, dijo.<\/p>\n<p>Este mi\u00e9rcoles se expiraba la prisi\u00f3n preventiva de 10 d\u00edas de Castillo, por tanto, las autoridades que lo mantienen cautivo solicitaron 48 horas de pr\u00f3rroga para preparar un petitorio que evite por 18 meses la excarcelaci\u00f3n del exmandatario.<\/p>\n<p>Con informaci\u00f3n de www.globovision.com<\/p>\n","protected":false},"excerpt":{"rendered":"<p>Este mi\u00e9rcoles durante la XXII Cumbre de jefes de Estado y de Gobierno de la Alianza Bolivariana para los Pueblos de Nuestra Am\u00e9rica (Alba-TCP), celebrada a puerta cerrada en el Palacio de La Revoluci\u00f3n en La Habana, Cuba, la organizaci\u00f3n denunci\u00f3 la detenci\u00f3n arbitraria del presidente de Per\u00fa, Pedro Castillo, por parte de los agentes [&hellip;]<\/p>\n","protected":false},"author":19,"featured_media":233529,"comment_status":"closed","ping_status":"closed","sticky":false,"template":"","format":"standard","meta":{"footnotes":""},"categories":[8],"tags":[],"class_list":{"0":"post-233528","1":"post","2":"type-post","3":"status-publish","4":"format-standard","5":"has-post-thumbnail","7":"category-internacionales"},"_links":{"self":[{"href":"https:\/\/elluchador.info\/index.php?rest_route=\/wp\/v2\/posts\/233528","targetHints":{"allow":["GET"]}}],"collection":[{"href":"https:\/\/elluchador.info\/index.php?rest_route=\/wp\/v2\/posts"}],"about":[{"href":"https:\/\/elluchador.info\/index.php?rest_route=\/wp\/v2\/types\/post"}],"author":[{"embeddable":true,"href":"https:\/\/elluchador.info\/index.php?rest_route=\/wp\/v2\/users\/19"}],"replies":[{"embeddable":true,"href":"https:\/\/elluchador.info\/index.php?rest_route=%2Fwp%2Fv2%2Fcomments&post=233528"}],"version-history":[{"count":1,"href":"https:\/\/elluchador.info\/index.php?rest_route=\/wp\/v2\/posts\/233528\/revisions"}],"predecessor-version":[{"id":233530,"href":"https:\/\/elluchador.info\/index.php?rest_route=\/wp\/v2\/posts\/233528\/revisions\/233530"}],"wp:featuredmedia":[{"embeddable":true,"href":"https:\/\/elluchador.info\/index.php?rest_route=\/wp\/v2\/media\/233529"}],"wp:attachment":[{"href":"https:\/\/elluchador.info\/index.php?rest_route=%2Fwp%2Fv2%2Fmedia&parent=233528"}],"wp:term":[{"taxonomy":"category","embeddable":true,"href":"https:\/\/elluchador.info\/index.php?rest_route=%2Fwp%2Fv2%2Fcategories&post=233528"},{"taxonomy":"post_tag","embeddable":true,"href":"https:\/\/elluchador.info\/index.php?rest_route=%2Fwp%2Fv2%2Ftags&post=233528"}],"curies":[{"name":"wp","href":"https:\/\/api.w.org\/{rel}","templated":true}]}}