{"id":233531,"date":"2022-12-15T13:31:50","date_gmt":"2022-12-15T17:31:50","guid":{"rendered":"https:\/\/elluchador.info\/web\/?p=233531"},"modified":"2022-12-15T13:31:50","modified_gmt":"2022-12-15T17:31:50","slug":"an-debatira-sobre-proyecto-de-ley-de-presupuesto-para-el-ejercicio-fiscal-2023","status":"publish","type":"post","link":"https:\/\/elluchador.info\/?p=233531","title":{"rendered":"AN debatir\u00e1 sobre Proyecto de Ley de Presupuesto para el Ejercicio Fiscal 2023"},"content":{"rendered":"<p>La Asamblea Nacional (AN) en su sesi\u00f3n ordinaria de este jueves continuar\u00e1 el debate sobre el Proyecto de Ley de Presupuesto para el Ejercicio Fiscal 2023, presentado este mi\u00e9rcoles por la vicepresidenta Ejecutiva de la Rep\u00fablica, Delcy Rodr\u00edguez.<\/p>\n<p>En su primera discusi\u00f3n, el diputado Jes\u00fas Faria asever\u00f3 que este proyecto de ley \u00abes un instrumento absolutamente esencial para el desarrollo del pa\u00eds\u00bb.<\/p>\n<p>Adem\u00e1s, en la plenaria se autorizar\u00e1 la designaci\u00f3n de la ciudadana Mary Eglys Flores como embajadora de la Rep\u00fablica Bolivariana de Venezuela en la Rep\u00fablica Portuguesa.<\/p>\n<p>Asimismo, se debatir\u00e1 en segunda discusi\u00f3n el Proyecto de Ley Especial de Endeudamiento Anual para el Ejercicio Econ\u00f3mico Financiero 2023.<\/p>\n<p>De igual manera, se considerar\u00e1 el informe de la Comisi\u00f3n Permanente de Econom\u00eda, Finanzas y Desarrollo Nacional para remitir el proyecto de Presupuesto de Ingresos y Gastos Operativos del Banco Central de Venezuela (BCV), correspondiente al Ejercicio Fiscal 2023, refiere una nota del portal AVN.<\/p>\n<p>Finalmente, se considerar\u00e1 la autorizaci\u00f3n al Ejecutivo Nacional para decretar un Cr\u00e9dito Adicional al presupuesto de Egresos de los Organismos Ordenadores de Compromisos y Pagos de la Administraci\u00f3n P\u00fablica Nacional, por la cantidad de 43 mil 533 millones 818 mil 98 bol\u00edvares, con 16 c\u00e9ntimos.<\/p>\n<p>Con informaci\u00f3n de www.vtv.gob.ve<\/p>\n","protected":false},"excerpt":{"rendered":"<p>La Asamblea Nacional (AN) en su sesi\u00f3n ordinaria de este jueves continuar\u00e1 el debate sobre el Proyecto de Ley de Presupuesto para el Ejercicio Fiscal 2023, presentado este mi\u00e9rcoles por la vicepresidenta Ejecutiva de la Rep\u00fablica, Delcy Rodr\u00edguez. En su primera discusi\u00f3n, el diputado Jes\u00fas Faria asever\u00f3 que este proyecto de ley \u00abes un instrumento [&hellip;]<\/p>\n","protected":false},"author":19,"featured_media":233532,"comment_status":"closed","ping_status":"closed","sticky":false,"template":"","format":"standard","meta":{"footnotes":""},"categories":[11],"tags":[],"class_list":{"0":"post-233531","1":"post","2":"type-post","3":"status-publish","4":"format-standard","5":"has-post-thumbnail","7":"category-politica"},"_links":{"self":[{"href":"https:\/\/elluchador.info\/index.php?rest_route=\/wp\/v2\/posts\/233531","targetHints":{"allow":["GET"]}}],"collection":[{"href":"https:\/\/elluchador.info\/index.php?rest_route=\/wp\/v2\/posts"}],"about":[{"href":"https:\/\/elluchador.info\/index.php?rest_route=\/wp\/v2\/types\/post"}],"author":[{"embeddable":true,"href":"https:\/\/elluchador.info\/index.php?rest_route=\/wp\/v2\/users\/19"}],"replies":[{"embeddable":true,"href":"https:\/\/elluchador.info\/index.php?rest_route=%2Fwp%2Fv2%2Fcomments&post=233531"}],"version-history":[{"count":1,"href":"https:\/\/elluchador.info\/index.php?rest_route=\/wp\/v2\/posts\/233531\/revisions"}],"predecessor-version":[{"id":233533,"href":"https:\/\/elluchador.info\/index.php?rest_route=\/wp\/v2\/posts\/233531\/revisions\/233533"}],"wp:featuredmedia":[{"embeddable":true,"href":"https:\/\/elluchador.info\/index.php?rest_route=\/wp\/v2\/media\/233532"}],"wp:attachment":[{"href":"https:\/\/elluchador.info\/index.php?rest_route=%2Fwp%2Fv2%2Fmedia&parent=233531"}],"wp:term":[{"taxonomy":"category","embeddable":true,"href":"https:\/\/elluchador.info\/index.php?rest_route=%2Fwp%2Fv2%2Fcategories&post=233531"},{"taxonomy":"post_tag","embeddable":true,"href":"https:\/\/elluchador.info\/index.php?rest_route=%2Fwp%2Fv2%2Ftags&post=233531"}],"curies":[{"name":"wp","href":"https:\/\/api.w.org\/{rel}","templated":true}]}}