{"id":233582,"date":"2022-12-15T18:09:09","date_gmt":"2022-12-15T22:09:09","guid":{"rendered":"https:\/\/elluchador.info\/web\/?p=233582"},"modified":"2022-12-15T18:09:09","modified_gmt":"2022-12-15T22:09:09","slug":"camaras-de-empresarios-logran-convenios-de-facturacion-con-fospuca","status":"publish","type":"post","link":"https:\/\/elluchador.info\/?p=233582","title":{"rendered":"C\u00e1maras de empresarios logran convenios de facturaci\u00f3n con Fospuca"},"content":{"rendered":"<p>La C\u00e1mara de Comercio e Industrias del municipio Caron\u00ed (Camcaron\u00ed) preocupada por la inquietud de sus afiliados y comerciantes ante los montos en el cobro de aseo urbano y la premura de ponerse al d\u00eda con los impuestos municipales, convoc\u00f3 este mi\u00e9rcoles 14 de noviembre, a una reuni\u00f3n institucional con la directiva de la empresa recolectora de desechos, Fospuca.<\/p>\n<p>El encuentro privado se llev\u00f3 a cabo en el edificio empresarial Camcaron\u00ed, ubicado en la urbanizaci\u00f3n Chilemex, de Puerto Ordaz, donde se cont\u00f3 con la presencia del presidente de Fospuca, Jos\u00e9 Sim\u00f3n Elarba, el presidente de Fedec\u00e1maras Bol\u00edvar, Austerio Gonz\u00e1lez, la presidenta de Camcaron\u00ed, Catherine Wilson, as\u00ed como representantes de las dem\u00e1s c\u00e1maras base: Camindustrias, Asocomercio San F\u00e9lix, C\u00e1mara de la Construcci\u00f3n, C\u00e1mara de Turismo, C\u00e1mara Inmobiliaria y algunos afiliados.<\/p>\n<p>El costo del servicio de aseo urbano, tanto en materia de recolecci\u00f3n como relleno sanitario, ha despertado angustia e incertidumbre entre comerciantes, quienes aseguran no tener la utilidad suficiente para pagar las facturas emitidas por la empresa privada.<\/p>\n<p>El reclamo de la mayor\u00eda gira en torno a la falta de informaci\u00f3n sobre din\u00e1mica de facturaci\u00f3n, concepto, c\u00e1lculos y dicen sentirse desorientados en medio de la urgencia por pagar el servicio de aseo urbano.<\/p>\n<p>Ante el reiterado reclamo por parte de comerciantes y empresarios de la ciudad, los l\u00edderes gremiales sirvieron de portavoz de las denuncias y as\u00ed se lo hicieron saber al presidente de Fospuca, Jos\u00e9 Sim\u00f3n Elarba.<\/p>\n<p>\u201cEs nuestro deber y nuestra obligaci\u00f3n buscar la manera que el proceso de productividad de nuestras empresas y de nuestro estado sea lo m\u00e1s viable posible, siempre hemos tenido esa visi\u00f3n, tanto ejecutivos due\u00f1os de Fospuca como el sector empresarial. Coincidir en buscar soluciones; tenemos que agotar lo esencial que es la comunicaci\u00f3n. De repente hay cosas que vemos de una manera, pero con la conversaci\u00f3n podemos entender muchas cosas. La moneda tiene dos caras y es necesario escuchar las dos versiones\u201d, expuso el presidente de Fedec\u00e1maras Bol\u00edvar, Austerio Gonz\u00e1lez.<\/p>\n<p>Catherine Wilson, presidenta de Camcaron\u00ed, reconoci\u00f3 el trabajo que lleva realizando Fospuca en la ciudad, ante el innegable cambio que se percibe en menos de 40 d\u00edas, sin embargo, recalc\u00f3 que Guayana \u201cest\u00e1 en crisis\u201d y eso repercute en la actividad comercial y empresarial de la localidad.<\/p>\n<p>\u201cCiudad Guayana est\u00e1 en crisis y eso lo podemos ver con las inmensas colas para surtir gasolina; eso claramente repercute en la actividad comercial y empresarial. Nosotros queremos que el incremento en la actividad econ\u00f3mica privada se mantenga y por eso la insistencia de acuerdos, como lo hicimos desde el principio para cl\u00ednicas, hoteler\u00eda y educaci\u00f3n\u201d, resalt\u00f3.<\/p>\n<p>Wilson lament\u00f3 que en la reuni\u00f3n no estuviese presente el alcalde de Caron\u00ed, Tito Oviedo y directiva de la C\u00e1mara Municipal, aunque s\u00ed cont\u00f3 con la presencia de la concejala Aliana Estrada.<\/p>\n<p><strong>Prensa<\/strong> <strong>Camcaron\u00ed<\/strong><\/p>\n","protected":false},"excerpt":{"rendered":"<p>La C\u00e1mara de Comercio e Industrias del municipio Caron\u00ed (Camcaron\u00ed) preocupada por la inquietud de sus afiliados y comerciantes ante los montos en el cobro de aseo urbano y la premura de ponerse al d\u00eda con los impuestos municipales, convoc\u00f3 este mi\u00e9rcoles 14 de noviembre, a una reuni\u00f3n institucional con la directiva de la empresa [&hellip;]<\/p>\n","protected":false},"author":19,"featured_media":233583,"comment_status":"closed","ping_status":"closed","sticky":false,"template":"","format":"standard","meta":{"footnotes":""},"categories":[12],"tags":[],"class_list":{"0":"post-233582","1":"post","2":"type-post","3":"status-publish","4":"format-standard","5":"has-post-thumbnail","7":"category-regionales"},"_links":{"self":[{"href":"https:\/\/elluchador.info\/index.php?rest_route=\/wp\/v2\/posts\/233582","targetHints":{"allow":["GET"]}}],"collection":[{"href":"https:\/\/elluchador.info\/index.php?rest_route=\/wp\/v2\/posts"}],"about":[{"href":"https:\/\/elluchador.info\/index.php?rest_route=\/wp\/v2\/types\/post"}],"author":[{"embeddable":true,"href":"https:\/\/elluchador.info\/index.php?rest_route=\/wp\/v2\/users\/19"}],"replies":[{"embeddable":true,"href":"https:\/\/elluchador.info\/index.php?rest_route=%2Fwp%2Fv2%2Fcomments&post=233582"}],"version-history":[{"count":1,"href":"https:\/\/elluchador.info\/index.php?rest_route=\/wp\/v2\/posts\/233582\/revisions"}],"predecessor-version":[{"id":233584,"href":"https:\/\/elluchador.info\/index.php?rest_route=\/wp\/v2\/posts\/233582\/revisions\/233584"}],"wp:featuredmedia":[{"embeddable":true,"href":"https:\/\/elluchador.info\/index.php?rest_route=\/wp\/v2\/media\/233583"}],"wp:attachment":[{"href":"https:\/\/elluchador.info\/index.php?rest_route=%2Fwp%2Fv2%2Fmedia&parent=233582"}],"wp:term":[{"taxonomy":"category","embeddable":true,"href":"https:\/\/elluchador.info\/index.php?rest_route=%2Fwp%2Fv2%2Fcategories&post=233582"},{"taxonomy":"post_tag","embeddable":true,"href":"https:\/\/elluchador.info\/index.php?rest_route=%2Fwp%2Fv2%2Ftags&post=233582"}],"curies":[{"name":"wp","href":"https:\/\/api.w.org\/{rel}","templated":true}]}}