{"id":233597,"date":"2022-12-15T18:19:02","date_gmt":"2022-12-15T22:19:02","guid":{"rendered":"https:\/\/elluchador.info\/web\/?p=233597"},"modified":"2022-12-15T18:19:02","modified_gmt":"2022-12-15T22:19:02","slug":"lo-atraparon-por-porte-ilicito-de-arma-de-fuego","status":"publish","type":"post","link":"https:\/\/elluchador.info\/?p=233597","title":{"rendered":"Lo atraparon por porte il\u00edcito de arma de fuego"},"content":{"rendered":"<p>Un hombre fue detenido por los uniformados de la brigada motorizada de la PM de Piar en la calle 23 de Enero de ese municipio.<\/p>\n<p>Los uniformados, a diario, mantienen los operativos de \u201cprofilaxis social\u201d en la zona, por lo que al observar la actitud sospechosa del hombre, le dieron la voz de alto.<\/p>\n<p>En ese momento, efectuaron el cheque\u00f3 al hombre y tras tomar una actitud hostil, se percataron que ten\u00eda en su poder un arma de fuego.<\/p>\n<p>Fue capturado por la comisi\u00f3n y llevado hasta la jefatura, donde qued\u00f3 a la orden de la fiscal\u00eda del Ministerio P\u00fablico.<\/p>\n<p>JARJ<\/p>\n","protected":false},"excerpt":{"rendered":"<p>Un hombre fue detenido por los uniformados de la brigada motorizada de la PM de Piar en la calle 23 de Enero de ese municipio. Los uniformados, a diario, mantienen los operativos de \u201cprofilaxis social\u201d en la zona, por lo que al observar la actitud sospechosa del hombre, le dieron la voz de alto. En [&hellip;]<\/p>\n","protected":false},"author":19,"featured_media":233598,"comment_status":"closed","ping_status":"closed","sticky":false,"template":"","format":"standard","meta":{"footnotes":""},"categories":[13],"tags":[],"class_list":{"0":"post-233597","1":"post","2":"type-post","3":"status-publish","4":"format-standard","5":"has-post-thumbnail","7":"category-sucesos"},"_links":{"self":[{"href":"https:\/\/elluchador.info\/index.php?rest_route=\/wp\/v2\/posts\/233597","targetHints":{"allow":["GET"]}}],"collection":[{"href":"https:\/\/elluchador.info\/index.php?rest_route=\/wp\/v2\/posts"}],"about":[{"href":"https:\/\/elluchador.info\/index.php?rest_route=\/wp\/v2\/types\/post"}],"author":[{"embeddable":true,"href":"https:\/\/elluchador.info\/index.php?rest_route=\/wp\/v2\/users\/19"}],"replies":[{"embeddable":true,"href":"https:\/\/elluchador.info\/index.php?rest_route=%2Fwp%2Fv2%2Fcomments&post=233597"}],"version-history":[{"count":1,"href":"https:\/\/elluchador.info\/index.php?rest_route=\/wp\/v2\/posts\/233597\/revisions"}],"predecessor-version":[{"id":233599,"href":"https:\/\/elluchador.info\/index.php?rest_route=\/wp\/v2\/posts\/233597\/revisions\/233599"}],"wp:featuredmedia":[{"embeddable":true,"href":"https:\/\/elluchador.info\/index.php?rest_route=\/wp\/v2\/media\/233598"}],"wp:attachment":[{"href":"https:\/\/elluchador.info\/index.php?rest_route=%2Fwp%2Fv2%2Fmedia&parent=233597"}],"wp:term":[{"taxonomy":"category","embeddable":true,"href":"https:\/\/elluchador.info\/index.php?rest_route=%2Fwp%2Fv2%2Fcategories&post=233597"},{"taxonomy":"post_tag","embeddable":true,"href":"https:\/\/elluchador.info\/index.php?rest_route=%2Fwp%2Fv2%2Ftags&post=233597"}],"curies":[{"name":"wp","href":"https:\/\/api.w.org\/{rel}","templated":true}]}}