{"id":233602,"date":"2022-12-16T09:31:28","date_gmt":"2022-12-16T13:31:28","guid":{"rendered":"https:\/\/elluchador.info\/web\/?p=233602"},"modified":"2022-12-16T09:31:28","modified_gmt":"2022-12-16T13:31:28","slug":"denver-declara-emergencia-tras-llegada-masiva-de-migrantes","status":"publish","type":"post","link":"https:\/\/elluchador.info\/?p=233602","title":{"rendered":"Denver declara emergencia tras llegada masiva de migrantes"},"content":{"rendered":"<p>La ciudad estadounidense de Denver (Colorado) declar\u00f3 este el \u00abestado de emergencia\u00bb en respuesta a la \u00abcrisis humanitaria\u00bb causada por la llegada de cientos de migrantes durante los \u00faltimos d\u00edas, algunos provenientes de El Paso (Texas) y muchos de ellos venezolanos.<\/p>\n<p>El alcalde Michael Hancock indic\u00f3 que la situaci\u00f3n comenz\u00f3 a gestarse \u00aben meses recientes\u00bb, pero que desde la semana pasada llegan a Denver desde la frontera con M\u00e9xico de 50 a 100 inmigrantes diarios de varios pa\u00edses de Latinoam\u00e9rica.<\/p>\n<p>Los migrantes ya desbordaron esta semana la ciudad de El Paso (Texas), desde donde se est\u00e1n desplazando a otros estados.<\/p>\n<p>El alcalde de Denver detall\u00f3 que los albergues de emergencia ya no tienen la capacidad de alojar nuevos inmigrantes.<\/p>\n<p>\u00abEstos arribos masivos de inmigrantes, la naturaleza imprevista de su llegada y nuestros desaf\u00edos actuales de espacio y personal han ejercido una inmensa presi\u00f3n sobre los recursos de la ciudad, hasta el punto de que est\u00e1n a punto de alcanzar un punto de ruptura en esta vez\u00bb, dijo Hancock al anunciar la medida.<\/p>\n<p>\u00abLo que no quiero ver es una crisis humanitaria local de migrantes sin refugio en nuestras manos debido a la falta de recursos\u00bb, enfatiz\u00f3.<\/p>\n<p>La crisis estall\u00f3 a principios de la semana pasada, cuando varios autobuses se detuvieron frente a la organizaci\u00f3n caritativa Denver Rescue Mission, que ayuda a desamparados en el centro de Denver, dejando unos 100 inmigrantes en ese lugar, la mayor\u00eda de ellos de Venezuela.<\/p>\n<p>Denver abri\u00f3 dos albergues de emergencia para alojarlos, asumiendo que en pocos d\u00edas los inmigrantes encontrar\u00edan un lugar donde quedarse, sea con familiares o amigos.<\/p>\n<p>Sin embargo, ocurri\u00f3 lo contrario y llegaron m\u00e1s inmigrantes, algunos desde El Paso, en viajes organizados y coordinados por ellos mismos.<\/p>\n<p>Incluso la ayuda provista por iglesias y por organizaciones comunitarias result\u00f3 insuficiente. Por eso, Hancock decidi\u00f3 declarar a Denver \u00aben emergencia\u00bb, una medida que permite acelerar el acceso a recursos locales, estatales y federales (incluyendo fondos para alojamiento), as\u00ed como activar un \u00abcentro de reunificaci\u00f3n\u00bb para que los inmigrantes contacten a sus familiares.<\/p>\n<p>El alcalde pidi\u00f3 ayuda del gobierno federal al se\u00f1alar que Denver ya gast\u00f3 en menos de dos semanas unos 800.000 d\u00f3lares en alojamiento, comida y servicios de salud para unos 600 inmigrantes.<\/p>\n<p>Un venezolano, quien prefiri\u00f3 no dar su nombre por su situaci\u00f3n migratoria irregular, indic\u00f3 a EFE que hab\u00eda llegado a Denver con sus tres hijos \u00abhace cuatro d\u00edas\u00bb.<\/p>\n<p>\u00abAqu\u00ed me iban a dar trabajo\u00bb, subray\u00f3 sin que aparentemente le explicasen la documentaci\u00f3n con la que necesita contar para obtener empleo legalmente.<\/p>\n<p>El hombre y su familia se est\u00e1n alojando temporalmente en una iglesia, pero dijo que ya se tienen que ir y se\u00f1al\u00f3 que sus pedidos de ayuda en las redes sociales para encontrar alojamiento o trabajo no fueron respondidos.<\/p>\n<p>\u00abSi alguien me da la oportunidad, hasta me pongo a remover nieve\u00bb, coment\u00f3.<\/p>\n<p>Por su parte, las ciudades de Colorado Springs y Aurora, la segunda y la tercera m\u00e1s pobladas de Colorado, indicaron que no recibir\u00e1n a inmigrantes.<\/p>\n<p>Mientras que Fort Collins, la principal ciudad en el norte del estado, anunci\u00f3 la semana que activar\u00eda un albergue para indocumentados, pero eso hasta el momento no ha sucedido.<\/p>\n<p>Con informaci\u00f3n de unionradio.net<\/p>\n","protected":false},"excerpt":{"rendered":"<p>La ciudad estadounidense de Denver (Colorado) declar\u00f3 este el \u00abestado de emergencia\u00bb en respuesta a la \u00abcrisis humanitaria\u00bb causada por la llegada de cientos de migrantes durante los \u00faltimos d\u00edas, algunos provenientes de El Paso (Texas) y muchos de ellos venezolanos. El alcalde Michael Hancock indic\u00f3 que la situaci\u00f3n comenz\u00f3 a gestarse \u00aben meses recientes\u00bb, [&hellip;]<\/p>\n","protected":false},"author":19,"featured_media":233603,"comment_status":"closed","ping_status":"closed","sticky":false,"template":"","format":"standard","meta":{"footnotes":""},"categories":[8],"tags":[],"class_list":{"0":"post-233602","1":"post","2":"type-post","3":"status-publish","4":"format-standard","5":"has-post-thumbnail","7":"category-internacionales"},"_links":{"self":[{"href":"https:\/\/elluchador.info\/index.php?rest_route=\/wp\/v2\/posts\/233602","targetHints":{"allow":["GET"]}}],"collection":[{"href":"https:\/\/elluchador.info\/index.php?rest_route=\/wp\/v2\/posts"}],"about":[{"href":"https:\/\/elluchador.info\/index.php?rest_route=\/wp\/v2\/types\/post"}],"author":[{"embeddable":true,"href":"https:\/\/elluchador.info\/index.php?rest_route=\/wp\/v2\/users\/19"}],"replies":[{"embeddable":true,"href":"https:\/\/elluchador.info\/index.php?rest_route=%2Fwp%2Fv2%2Fcomments&post=233602"}],"version-history":[{"count":1,"href":"https:\/\/elluchador.info\/index.php?rest_route=\/wp\/v2\/posts\/233602\/revisions"}],"predecessor-version":[{"id":233604,"href":"https:\/\/elluchador.info\/index.php?rest_route=\/wp\/v2\/posts\/233602\/revisions\/233604"}],"wp:featuredmedia":[{"embeddable":true,"href":"https:\/\/elluchador.info\/index.php?rest_route=\/wp\/v2\/media\/233603"}],"wp:attachment":[{"href":"https:\/\/elluchador.info\/index.php?rest_route=%2Fwp%2Fv2%2Fmedia&parent=233602"}],"wp:term":[{"taxonomy":"category","embeddable":true,"href":"https:\/\/elluchador.info\/index.php?rest_route=%2Fwp%2Fv2%2Fcategories&post=233602"},{"taxonomy":"post_tag","embeddable":true,"href":"https:\/\/elluchador.info\/index.php?rest_route=%2Fwp%2Fv2%2Ftags&post=233602"}],"curies":[{"name":"wp","href":"https:\/\/api.w.org\/{rel}","templated":true}]}}