{"id":233605,"date":"2022-12-16T09:34:10","date_gmt":"2022-12-16T13:34:10","guid":{"rendered":"https:\/\/elluchador.info\/web\/?p=233605"},"modified":"2022-12-16T09:34:10","modified_gmt":"2022-12-16T13:34:10","slug":"fao-afirma-que-el-derecho-a-no-padecer-hambre-esta-mas-amenazado-que-nunca","status":"publish","type":"post","link":"https:\/\/elluchador.info\/?p=233605","title":{"rendered":"FAO afirma que el derecho a no padecer hambre est\u00e1 m\u00e1s amenazado que nunca"},"content":{"rendered":"<p>El economista jefe de la Organizaci\u00f3n de las Naciones Unidas para la Agricultura y la Alimentaci\u00f3n (FAO), el peruano M\u00e1ximo Torero, advirti\u00f3 hoy que \u00abel derecho fundamental a no padecer hambre est\u00e1 m\u00e1s amenazado que nunca\u00bb y \u00abque las proyecciones m\u00e1s recientes indican que m\u00e1s de 670 millones de personas podr\u00edan seguir sin tener suficiente para comer en 2030\u00bb.<\/p>\n<p>Torero intervino con un videomensaje en la presentaci\u00f3n en el Vaticano del mensaje del papa Francisco para la jornada de la Paz y que en esta ocasi\u00f3n lleva el t\u00edtulo: \u00abNadie puede salvarse solo. Recomenzar desde la COVID-19 para trazar juntos caminos de paz\u00bb.<\/p>\n<p>El economista peruano subray\u00f3 que \u00aben medio de m\u00faltiples crisis mundiales, como la moral, la social, la pol\u00edtica, el cambio clim\u00e1tico, las pandemias, los conflictos, las crecientes desigualdades y la violencia de g\u00e9nero, cada vez m\u00e1s personas caen en la trampa del hambre\u00bb.<\/p>\n<p>A\u00f1adi\u00f3 que \u00abhasta 828 millones de personas pasaron hambre en 2021, lo que supone un aumento de 150 millones m\u00e1s que en 2019, antes del estallido de la pandemia de covid-19. Las proyecciones m\u00e1s recientes indican que m\u00e1s de 670 millones de personas podr\u00edan seguir sin tener suficiente para comer en 2030\u2033, lo que supone un fracaso total respecto al reto de hambre cero en 2030, uno de los principales objetivos de desarrollo sostenible de la ONU.<\/p>\n<p>Para Torero \u00abhoy en d\u00eda hay suficientes alimentos en el mundo para alimentar a todo el mundo. Lo que falta es la capacidad de comprar los alimentos disponibles debido a los altos niveles de pobreza y desigualdad\u00ab.<\/p>\n<p>Agreg\u00f3 que \u00abla guerra en Ucrania ha empeorado la situaci\u00f3n. Ha perturbado el mercado mundial de la energ\u00eda, provocando una nueva subida de los precios de los alimentos. S\u00f3lo este a\u00f1o se ha producido un aumento de 25.000 millones de d\u00f3lares en los gastos de importaci\u00f3n de alimentos para los 62 pa\u00edses m\u00e1s vulnerables del mundo, lo que supone un incremento del 39 % con respecto a 2020\u00ab.<\/p>\n<p>\u00abEl 80 % de los pobres del mundo viven en zonas rurales y dependen de la agricultura para sobrevivir. Muchos de ellos -mujeres, ni\u00f1os, ind\u00edgenas y discapacitados- no tienen acceso a alimentos y deben hacer frente a malas cosechas, semillas y fertilizantes caros y falta de servicios financieros. La gravedad de la situaci\u00f3n exige un enfoque hol\u00edstico para hacer frente al hambre\u00bb, agreg\u00f3.<\/p>\n<p>Con informaci\u00f3n de unionradio.net<\/p>\n","protected":false},"excerpt":{"rendered":"<p>El economista jefe de la Organizaci\u00f3n de las Naciones Unidas para la Agricultura y la Alimentaci\u00f3n (FAO), el peruano M\u00e1ximo Torero, advirti\u00f3 hoy que \u00abel derecho fundamental a no padecer hambre est\u00e1 m\u00e1s amenazado que nunca\u00bb y \u00abque las proyecciones m\u00e1s recientes indican que m\u00e1s de 670 millones de personas podr\u00edan seguir sin tener suficiente [&hellip;]<\/p>\n","protected":false},"author":19,"featured_media":233606,"comment_status":"closed","ping_status":"closed","sticky":false,"template":"","format":"standard","meta":{"footnotes":""},"categories":[8],"tags":[],"class_list":{"0":"post-233605","1":"post","2":"type-post","3":"status-publish","4":"format-standard","5":"has-post-thumbnail","7":"category-internacionales"},"_links":{"self":[{"href":"https:\/\/elluchador.info\/index.php?rest_route=\/wp\/v2\/posts\/233605","targetHints":{"allow":["GET"]}}],"collection":[{"href":"https:\/\/elluchador.info\/index.php?rest_route=\/wp\/v2\/posts"}],"about":[{"href":"https:\/\/elluchador.info\/index.php?rest_route=\/wp\/v2\/types\/post"}],"author":[{"embeddable":true,"href":"https:\/\/elluchador.info\/index.php?rest_route=\/wp\/v2\/users\/19"}],"replies":[{"embeddable":true,"href":"https:\/\/elluchador.info\/index.php?rest_route=%2Fwp%2Fv2%2Fcomments&post=233605"}],"version-history":[{"count":1,"href":"https:\/\/elluchador.info\/index.php?rest_route=\/wp\/v2\/posts\/233605\/revisions"}],"predecessor-version":[{"id":233607,"href":"https:\/\/elluchador.info\/index.php?rest_route=\/wp\/v2\/posts\/233605\/revisions\/233607"}],"wp:featuredmedia":[{"embeddable":true,"href":"https:\/\/elluchador.info\/index.php?rest_route=\/wp\/v2\/media\/233606"}],"wp:attachment":[{"href":"https:\/\/elluchador.info\/index.php?rest_route=%2Fwp%2Fv2%2Fmedia&parent=233605"}],"wp:term":[{"taxonomy":"category","embeddable":true,"href":"https:\/\/elluchador.info\/index.php?rest_route=%2Fwp%2Fv2%2Fcategories&post=233605"},{"taxonomy":"post_tag","embeddable":true,"href":"https:\/\/elluchador.info\/index.php?rest_route=%2Fwp%2Fv2%2Ftags&post=233605"}],"curies":[{"name":"wp","href":"https:\/\/api.w.org\/{rel}","templated":true}]}}