{"id":233620,"date":"2022-12-16T11:34:51","date_gmt":"2022-12-16T15:34:51","guid":{"rendered":"https:\/\/elluchador.info\/web\/?p=233620"},"modified":"2022-12-16T11:34:51","modified_gmt":"2022-12-16T15:34:51","slug":"arqueologos-desvelan-misterio-de-los-dos-sarcofagos-descubiertos-tras-incendio-de-la-catedral-de-notre-dame","status":"publish","type":"post","link":"https:\/\/elluchador.info\/?p=233620","title":{"rendered":"Arque\u00f3logos desvelan misterio de los dos sarc\u00f3fagos descubiertos tras incendio de la catedral de Notre Dame"},"content":{"rendered":"<p>Los dos ata\u00fades de plomo descubiertos tras el incendio de la catedral de Notre Dame de Par\u00eds son los de un famoso can\u00f3nigo y un noble desconocido, anunciaron el pasado viernes (09.12.2022) los cient\u00edficos que los analizaron.<\/p>\n<p>Estos sarc\u00f3fagos antropomorfos fueron desenterrados en marzo y mayo por los equipos del Instituto Nacional de Investigaciones Arqueol\u00f3gicas Preventivas (Inrap) durante las excavaciones previas a la reconstrucci\u00f3n de la aguja de la catedral, parcialmente destruida por el incendio de abril de 2019.<\/p>\n<p>A continuaci\u00f3n, se confiaron al Instituto Forense de Toulouse, que se encarg\u00f3 de abrirlas y estudiar los huesos de los fallecidos y otros objetos presentes en las fosas.<\/p>\n<p>Situados en el crucero del transepto, en un lugar y a una profundidad diferente, los dos enterramientos se encontraban en buen estado de conservaci\u00f3n.<\/p>\n<p>Primer sarc\u00f3fago: un noble desconocido<\/p>\n<p>El sarc\u00f3fago descubierto primero, en marzo, data de \u00abentre el siglo XIV y finales del XVII\u00bb, seg\u00fan Christophe Besnier, responsable de las excavaciones. Contiene los restos de un hombre embalsamado cuya identidad a\u00fan no se ha establecido.<\/p>\n<p>Seg\u00fan Eric Crub\u00e9ry, antrop\u00f3logo de la Universidad de Toulouse III que particip\u00f3 en el an\u00e1lisis, el hombre ten\u00eda \u00abentre 25 y 40 a\u00f1os\u00bb, \u00abmontaba a caballo desde su juventud\u00bb y \u00abpresentaba una ligera deformidad craneal\u00bb y probablemente tuberculosis, declar\u00f3 en una rueda de prensa en Toulouse.<\/p>\n<p>Probablemente era un rico notable, porque \u00abs\u00f3lo el 4 % de la nobleza (&#8230;) ten\u00eda la posibilidad de ser embalsamada o de tener un ata\u00fad de plomo\u00bb, dijo.<\/p>\n<p>Segundo sarc\u00f3fago: un famoso can\u00f3nigo<\/p>\n<p>En cuanto al segundo sarc\u00f3fago, se conoc\u00eda su ubicaci\u00f3n y conten\u00eda un epitafio, medallas y una placa que mencionaba al can\u00f3nigo Antoine de La Porte. Este \u00faltimo, fallecido a los 83 a\u00f1os en 1710, fue un prelado cuyo retrato se conserva en el Louvre.<\/p>\n<p>Los enterramientos en catedrales se practicaron durante todo el periodo medieval y moderno. Los lugares m\u00e1s solicitados estaban cerca del coro, donde se enterraba a obispos y arzobispos.<\/p>\n<p>El crucero del transepto era, por tanto, un lugar muy frecuentado por notables y can\u00f3nigos, recuerda Christophe Besnier. \u00abM\u00e1s de 300 personas fueron enterradas en Notre Dame\u00bb y este tipo de sepultura estaba \u00abreservada a una \u00e9lite\u00bb porque \u00abel plomo era muy caro\u00bb.<\/p>\n<p>Futuros an\u00e1lisis<\/p>\n<p>Se han tomado 200 muestras de estos restos, que a\u00fan deben analizarse en profundidad. Se realizar\u00e1 una prueba de dataci\u00f3n por C14 para determinar con mayor precisi\u00f3n la edad del primer fallecido. Los primeros resultados se esperan para el primer semestre de 2023.<\/p>\n<p>Los sarc\u00f3fagos permanecer\u00e1n en manos del Inrap otros dos a\u00f1os antes de ser entregados al Ministerio de Cultura, que decidir\u00e1 su destino.<\/p>\n<p>Los esqueletos podr\u00edan entonces volver a enterrarse, como ha ocurrido con otros restos descubiertos durante las excavaciones.<\/p>\n<p>Con informaci\u00f3n de www.dw.com<\/p>\n","protected":false},"excerpt":{"rendered":"<p>Los dos ata\u00fades de plomo descubiertos tras el incendio de la catedral de Notre Dame de Par\u00eds son los de un famoso can\u00f3nigo y un noble desconocido, anunciaron el pasado viernes (09.12.2022) los cient\u00edficos que los analizaron. Estos sarc\u00f3fagos antropomorfos fueron desenterrados en marzo y mayo por los equipos del Instituto Nacional de Investigaciones Arqueol\u00f3gicas [&hellip;]<\/p>\n","protected":false},"author":19,"featured_media":233621,"comment_status":"closed","ping_status":"closed","sticky":false,"template":"","format":"standard","meta":{"footnotes":""},"categories":[3],"tags":[],"class_list":{"0":"post-233620","1":"post","2":"type-post","3":"status-publish","4":"format-standard","5":"has-post-thumbnail","7":"category-curiosidades"},"_links":{"self":[{"href":"https:\/\/elluchador.info\/index.php?rest_route=\/wp\/v2\/posts\/233620","targetHints":{"allow":["GET"]}}],"collection":[{"href":"https:\/\/elluchador.info\/index.php?rest_route=\/wp\/v2\/posts"}],"about":[{"href":"https:\/\/elluchador.info\/index.php?rest_route=\/wp\/v2\/types\/post"}],"author":[{"embeddable":true,"href":"https:\/\/elluchador.info\/index.php?rest_route=\/wp\/v2\/users\/19"}],"replies":[{"embeddable":true,"href":"https:\/\/elluchador.info\/index.php?rest_route=%2Fwp%2Fv2%2Fcomments&post=233620"}],"version-history":[{"count":1,"href":"https:\/\/elluchador.info\/index.php?rest_route=\/wp\/v2\/posts\/233620\/revisions"}],"predecessor-version":[{"id":233622,"href":"https:\/\/elluchador.info\/index.php?rest_route=\/wp\/v2\/posts\/233620\/revisions\/233622"}],"wp:featuredmedia":[{"embeddable":true,"href":"https:\/\/elluchador.info\/index.php?rest_route=\/wp\/v2\/media\/233621"}],"wp:attachment":[{"href":"https:\/\/elluchador.info\/index.php?rest_route=%2Fwp%2Fv2%2Fmedia&parent=233620"}],"wp:term":[{"taxonomy":"category","embeddable":true,"href":"https:\/\/elluchador.info\/index.php?rest_route=%2Fwp%2Fv2%2Fcategories&post=233620"},{"taxonomy":"post_tag","embeddable":true,"href":"https:\/\/elluchador.info\/index.php?rest_route=%2Fwp%2Fv2%2Ftags&post=233620"}],"curies":[{"name":"wp","href":"https:\/\/api.w.org\/{rel}","templated":true}]}}