{"id":233637,"date":"2022-12-16T12:15:45","date_gmt":"2022-12-16T16:15:45","guid":{"rendered":"https:\/\/elluchador.info\/web\/?p=233637"},"modified":"2022-12-16T12:15:45","modified_gmt":"2022-12-16T16:15:45","slug":"ong-mujer-y-ciudadania-oficializa-pacto-de-no-agresion-entre-candidatos-opositores","status":"publish","type":"post","link":"https:\/\/elluchador.info\/?p=233637","title":{"rendered":"ONG Mujer y Ciudadan\u00eda oficializa Pacto de No Agresi\u00f3n entre candidatos opositores"},"content":{"rendered":"<p>La Organizaci\u00f3n No Gubernamental (ONG) Mujer y Ciudadan\u00eda, en conjunto con las instituciones Espacio Civil A.C. y proyecto Plataforma Ciudadana, as\u00ed como con estudiantes del Diplomado Formaci\u00f3n Pol\u00edtica y Ciudadana de la Universidad Monteavila; present\u00f3 formalmente del Pacto de Respeto y No Agresi\u00f3n para los candidatos de las primarias presidenciales.<\/p>\n<p>Aixa Armas, presidente de esta organizaci\u00f3n, plante\u00f3 que esta iniciativa busca responder las exigencias de la mayor\u00eda de los ciudadanos venezolanos que quieren conocer las propuestas de los candidatos y de los partidos pol\u00edticos que aspiran dirigir los destinos del pa\u00eds.<\/p>\n<p>\u201cEste es un pacto para que exista una pol\u00edtica de altura, un discurso pol\u00edtico, una narrativa pol\u00edtica al nivel que los ciudadanos reclaman, lo que se traduce en propuestas, ideas, soluciones para la grave crisis que vive Venezuela\u201d, dijo la portavoz en un evento con los medios de comunicaci\u00f3n desde del Colegio de Ingenieros de Caracas.<\/p>\n<p>Tras adelantar que este documento ser\u00e1 presentado a todos los comandos de campa\u00f1a de los precandidatos a primarias de 2023, Armas precis\u00f3 que aspiran pueda firmarse entre enero y febrero del a\u00f1o entrante. \u201cEs dar un mensaje pol\u00edtico coherente que diga c\u00f3mo salir de la crisis\u201d, subray\u00f3.<\/p>\n<p>Asimismo, la dirigente y defensora del g\u00e9nero manifest\u00f3 que aspiran que, una vez que se firme el acuerdo con los candidatos a las primarias, extrapolar\u00e1n este pacto a todos los candidatos que competir\u00e1n en 2024, es decir, a quienes aspiran contarse en primarias y a quienes no. \u201cTodos son necesarios, todo candidato que vaya a 2024 tiene que firmar este acuerdo\u201d, agreg\u00f3.<\/p>\n<p>Por otro lado, la misma vocera sum\u00f3 que todas las mujeres y organizaciones pol\u00edticas que auspician esta iniciativa, entre las que nombre a Movimiento Democracia e Inclusi\u00f3n (MDI), Un Nuevo Tiempo (UNT), Fuerza Vecinal (FV) y Acci\u00f3n Democr\u00e1tica (AD), incluso la judicializada; aspiran conseguir la responsabilidad del Gobierno en la carrera electoral. \u201cNo queremos agresiones de nadie\u201d, se\u00f1al\u00f3.<\/p>\n<p>Al contextualizar la situaci\u00f3n, Armas reiter\u00f3 que ya est\u00e1 bueno de quedarse estancados en escuchar la problem\u00e1tica que aqueja al pa\u00eds. Dijo que esta realidad el pa\u00eds la conoce bien, por lo que persiguen saber cu\u00e1les son las propuestas de los candidatos para resolver estos problemas: servicios p\u00fablicos, educaci\u00f3n, salud, inclusi\u00f3n de la mujer en la pol\u00edtica; entre otros.<\/p>\n<p>Con informaci\u00f3n de www.globovision.com<\/p>\n","protected":false},"excerpt":{"rendered":"<p>La Organizaci\u00f3n No Gubernamental (ONG) Mujer y Ciudadan\u00eda, en conjunto con las instituciones Espacio Civil A.C. y proyecto Plataforma Ciudadana, as\u00ed como con estudiantes del Diplomado Formaci\u00f3n Pol\u00edtica y Ciudadana de la Universidad Monteavila; present\u00f3 formalmente del Pacto de Respeto y No Agresi\u00f3n para los candidatos de las primarias presidenciales. Aixa Armas, presidente de esta [&hellip;]<\/p>\n","protected":false},"author":19,"featured_media":233638,"comment_status":"closed","ping_status":"closed","sticky":false,"template":"","format":"standard","meta":{"footnotes":""},"categories":[11],"tags":[],"class_list":{"0":"post-233637","1":"post","2":"type-post","3":"status-publish","4":"format-standard","5":"has-post-thumbnail","7":"category-politica"},"_links":{"self":[{"href":"https:\/\/elluchador.info\/index.php?rest_route=\/wp\/v2\/posts\/233637","targetHints":{"allow":["GET"]}}],"collection":[{"href":"https:\/\/elluchador.info\/index.php?rest_route=\/wp\/v2\/posts"}],"about":[{"href":"https:\/\/elluchador.info\/index.php?rest_route=\/wp\/v2\/types\/post"}],"author":[{"embeddable":true,"href":"https:\/\/elluchador.info\/index.php?rest_route=\/wp\/v2\/users\/19"}],"replies":[{"embeddable":true,"href":"https:\/\/elluchador.info\/index.php?rest_route=%2Fwp%2Fv2%2Fcomments&post=233637"}],"version-history":[{"count":1,"href":"https:\/\/elluchador.info\/index.php?rest_route=\/wp\/v2\/posts\/233637\/revisions"}],"predecessor-version":[{"id":233639,"href":"https:\/\/elluchador.info\/index.php?rest_route=\/wp\/v2\/posts\/233637\/revisions\/233639"}],"wp:featuredmedia":[{"embeddable":true,"href":"https:\/\/elluchador.info\/index.php?rest_route=\/wp\/v2\/media\/233638"}],"wp:attachment":[{"href":"https:\/\/elluchador.info\/index.php?rest_route=%2Fwp%2Fv2%2Fmedia&parent=233637"}],"wp:term":[{"taxonomy":"category","embeddable":true,"href":"https:\/\/elluchador.info\/index.php?rest_route=%2Fwp%2Fv2%2Fcategories&post=233637"},{"taxonomy":"post_tag","embeddable":true,"href":"https:\/\/elluchador.info\/index.php?rest_route=%2Fwp%2Fv2%2Ftags&post=233637"}],"curies":[{"name":"wp","href":"https:\/\/api.w.org\/{rel}","templated":true}]}}