{"id":233643,"date":"2022-12-16T12:24:25","date_gmt":"2022-12-16T16:24:25","guid":{"rendered":"https:\/\/elluchador.info\/web\/?p=233643"},"modified":"2022-12-16T12:24:25","modified_gmt":"2022-12-16T16:24:25","slug":"regresan-a-venezuela-desde-peru-249-migrantes-con-el-plan-vuelta-a-la-patria","status":"publish","type":"post","link":"https:\/\/elluchador.info\/?p=233643","title":{"rendered":"Regresan a Venezuela desde Per\u00fa 249 migrantes con el Plan Vuelta a la Patria"},"content":{"rendered":"<p>Un grupo de 249 migrantes venezolanos regresaron a su pa\u00eds desde Per\u00fa con el Plan Vuelta a la Patria, un programa puesto en marcha por el Gobierno de Nicol\u00e1s Maduro en septiembre de 2018 para facilitar el retorno de personas que optaron por volver a la naci\u00f3n caribe\u00f1a, inform\u00f3 este viernes la Canciller\u00eda.<\/p>\n<p>El grupo viaj\u00f3 en un avi\u00f3n de la aerol\u00ednea estatal venezolana Conviasa, que despeg\u00f3 desde el Aeropuerto Internacional Jorge Ch\u00e1vez, de Lima, y aterriz\u00f3 en el Aeropuerto Internacional de Maiquet\u00eda, que sirve a Caracas, detall\u00f3 la cartera de Exteriores en una nota de prensa.<\/p>\n<p>El c\u00f3nsul general de segunda acreditado en Lima, Jean Carlos Evans, manifest\u00f3 a los venezolanos \u00abel orgullo que siente por el hecho de que confiaran en el Gobierno\u00bb para regresar \u00absanos y salvos a su pa\u00eds\u00bb, seg\u00fan es citado en la nota.<\/p>\n<p>De acuerdo con el Ejecutivo, con el plan gubernamental, han regresado al pa\u00eds m\u00e1s de 30.000 venezolanos en los \u00faltimos cuatro a\u00f1os que hab\u00edan emigrado a otras naciones.<\/p>\n<p>La Plataforma de Coordinaci\u00f3n Interagencial para Refugiados y Migrantes de Venezuela (R4V) -un mecanismo coliderado por la Agencia de la ONU para los Refugiados (Acnur) y la Organizaci\u00f3n Internacional para las Migraciones (OIM)- indic\u00f3, el pasado septiembre, que 7,1 millones de venezolanos salieron de su pa\u00eds de origen en los \u00faltimos a\u00f1os.<\/p>\n<p>Ese mismo mes, el presidente Maduro asegur\u00f3 que \u00abm\u00e1s de la mitad\u00bb de la poblaci\u00f3n que migr\u00f3 entre 2018 y 2021 ha regresado y que, en este momento, tienen mejores condiciones de vida que las que alcanzaron en las naciones de acogida.<\/p>\n<p>Con informaci\u00f3n de www.globovision.com<\/p>\n","protected":false},"excerpt":{"rendered":"<p>Un grupo de 249 migrantes venezolanos regresaron a su pa\u00eds desde Per\u00fa con el Plan Vuelta a la Patria, un programa puesto en marcha por el Gobierno de Nicol\u00e1s Maduro en septiembre de 2018 para facilitar el retorno de personas que optaron por volver a la naci\u00f3n caribe\u00f1a, inform\u00f3 este viernes la Canciller\u00eda. El grupo [&hellip;]<\/p>\n","protected":false},"author":19,"featured_media":233644,"comment_status":"closed","ping_status":"closed","sticky":false,"template":"","format":"standard","meta":{"footnotes":""},"categories":[9],"tags":[],"class_list":{"0":"post-233643","1":"post","2":"type-post","3":"status-publish","4":"format-standard","5":"has-post-thumbnail","7":"category-nacionales"},"_links":{"self":[{"href":"https:\/\/elluchador.info\/index.php?rest_route=\/wp\/v2\/posts\/233643","targetHints":{"allow":["GET"]}}],"collection":[{"href":"https:\/\/elluchador.info\/index.php?rest_route=\/wp\/v2\/posts"}],"about":[{"href":"https:\/\/elluchador.info\/index.php?rest_route=\/wp\/v2\/types\/post"}],"author":[{"embeddable":true,"href":"https:\/\/elluchador.info\/index.php?rest_route=\/wp\/v2\/users\/19"}],"replies":[{"embeddable":true,"href":"https:\/\/elluchador.info\/index.php?rest_route=%2Fwp%2Fv2%2Fcomments&post=233643"}],"version-history":[{"count":1,"href":"https:\/\/elluchador.info\/index.php?rest_route=\/wp\/v2\/posts\/233643\/revisions"}],"predecessor-version":[{"id":233645,"href":"https:\/\/elluchador.info\/index.php?rest_route=\/wp\/v2\/posts\/233643\/revisions\/233645"}],"wp:featuredmedia":[{"embeddable":true,"href":"https:\/\/elluchador.info\/index.php?rest_route=\/wp\/v2\/media\/233644"}],"wp:attachment":[{"href":"https:\/\/elluchador.info\/index.php?rest_route=%2Fwp%2Fv2%2Fmedia&parent=233643"}],"wp:term":[{"taxonomy":"category","embeddable":true,"href":"https:\/\/elluchador.info\/index.php?rest_route=%2Fwp%2Fv2%2Fcategories&post=233643"},{"taxonomy":"post_tag","embeddable":true,"href":"https:\/\/elluchador.info\/index.php?rest_route=%2Fwp%2Fv2%2Ftags&post=233643"}],"curies":[{"name":"wp","href":"https:\/\/api.w.org\/{rel}","templated":true}]}}