{"id":233655,"date":"2022-12-16T12:50:29","date_gmt":"2022-12-16T16:50:29","guid":{"rendered":"https:\/\/elluchador.info\/web\/?p=233655"},"modified":"2022-12-16T12:50:29","modified_gmt":"2022-12-16T16:50:29","slug":"region-metropolitana-de-chile-en-alerta-por-humo-de-incendios","status":"publish","type":"post","link":"https:\/\/elluchador.info\/?p=233655","title":{"rendered":"Regi\u00f3n Metropolitana de Chile en alerta por humo de incendios"},"content":{"rendered":"<p>Las autoridades chilenas decretaron este viernes una alerta de riesgo sanitario en la Regi\u00f3n Metropolitana, donde est\u00e1 la capital, debido al denso humo causado por numerosos incendios forestales activos en la zona.<\/p>\n<p>La prolongada sequ\u00eda, que se ha extendido por varios a\u00f1os, y el intenso calor de d\u00edas recientes provocaron la multiplicaci\u00f3n del fuego en extensas \u00e1reas de Biob\u00edo, Valpara\u00edso y O\u2019Higgins.<\/p>\n<p>En la ciudad de Santiago las comunas de Curacav\u00ed y San Pedro, ubicadas en el occidente de la urbe, est\u00e1n en alerta roja y de all\u00ed parece emanar el humo que afecta desde esta ma\u00f1ana a sus pobladores, refiere un despacho de Prensa Latina.<\/p>\n<p>De acuerdo con el Secretario Regional Ministerial de Salud, Gonzalo Soto, la alerta tiene como objetivo proteger a las personas.<\/p>\n<p>Una de las medidas previstas es limitar las actividades f\u00edsicas, en particular en las escuelas de la capital, donde podr\u00edan suspenderse las clases.<\/p>\n<p>Adem\u00e1s, eval\u00faan cerrar los centros de trabajo donde los empleados est\u00e9n directamente expuestos a las micropart\u00edculas contenidas en la nube.<\/p>\n<p>Soto hizo un llamado a proteger a quienes son particularmente vulnerables, como adultos mayores, ni\u00f1os, o quienes sufren enfermedades respiratorias cr\u00f3nicas.<\/p>\n<p>Evac\u00faan zonas cercanas a incendios forestales<\/p>\n<p>En lo que respecta a los incendios forestales, este jueves autoridades de Chile llamaron a evacuar a los residentes en algunas regiones de la zona centro del pa\u00eds, debido a un incendio forestal activo en los sectores Mirador Alto el Yali, Camino el Convento, Las Vi\u00f1as del Convento y Santa Blanca en la comuna de Santo Domingo, perteneciente a la Regi\u00f3n de Valpara\u00edso, report\u00f3 Telesur.<\/p>\n<p>Un bolet\u00edn emitido por la Oficina Nacional de Emergencia del Ministerio del Interior y Seguridad P\u00fablica (Onemi) solicit\u00f3 a la poblaci\u00f3n cumplir con las orientaciones de los equipos de respuestas presentes en el lugar. En ente inst\u00f3 a no perder la calma, e inform\u00f3 que no se debe regresar al \u00e1rea de peligro hasta que se levante la se\u00f1al de alarma.<\/p>\n<p>Tambi\u00e9n recomend\u00f3 uso de mascarilla o pa\u00f1uelo para cubrir la nariz y boca, usar gorros y ropa para proteger la piel, retirar las cenizas con abundante agua y, de ser necesario, acudir a los servicios sanitarios.<\/p>\n<p>Asimismo, las autoridades solicitaron evacuarse con mascotas, para evitar su exposici\u00f3n en las zonas de riesgos.<\/p>\n<p>En lo que va de temporada de primavera-verano se han presentado 1.600 incendios forestales en Chile. Diariamente se registran unos 30 incendios, lo que ha consumido m\u00e1s de 13.00 hect\u00e1reas en el pa\u00eds.<\/p>\n<p>Con informaci\u00f3n de ultimasnoticias.com.ve<\/p>\n","protected":false},"excerpt":{"rendered":"<p>Las autoridades chilenas decretaron este viernes una alerta de riesgo sanitario en la Regi\u00f3n Metropolitana, donde est\u00e1 la capital, debido al denso humo causado por numerosos incendios forestales activos en la zona. La prolongada sequ\u00eda, que se ha extendido por varios a\u00f1os, y el intenso calor de d\u00edas recientes provocaron la multiplicaci\u00f3n del fuego en [&hellip;]<\/p>\n","protected":false},"author":19,"featured_media":233656,"comment_status":"closed","ping_status":"closed","sticky":false,"template":"","format":"standard","meta":{"footnotes":""},"categories":[8],"tags":[],"class_list":{"0":"post-233655","1":"post","2":"type-post","3":"status-publish","4":"format-standard","5":"has-post-thumbnail","7":"category-internacionales"},"_links":{"self":[{"href":"https:\/\/elluchador.info\/index.php?rest_route=\/wp\/v2\/posts\/233655","targetHints":{"allow":["GET"]}}],"collection":[{"href":"https:\/\/elluchador.info\/index.php?rest_route=\/wp\/v2\/posts"}],"about":[{"href":"https:\/\/elluchador.info\/index.php?rest_route=\/wp\/v2\/types\/post"}],"author":[{"embeddable":true,"href":"https:\/\/elluchador.info\/index.php?rest_route=\/wp\/v2\/users\/19"}],"replies":[{"embeddable":true,"href":"https:\/\/elluchador.info\/index.php?rest_route=%2Fwp%2Fv2%2Fcomments&post=233655"}],"version-history":[{"count":1,"href":"https:\/\/elluchador.info\/index.php?rest_route=\/wp\/v2\/posts\/233655\/revisions"}],"predecessor-version":[{"id":233657,"href":"https:\/\/elluchador.info\/index.php?rest_route=\/wp\/v2\/posts\/233655\/revisions\/233657"}],"wp:featuredmedia":[{"embeddable":true,"href":"https:\/\/elluchador.info\/index.php?rest_route=\/wp\/v2\/media\/233656"}],"wp:attachment":[{"href":"https:\/\/elluchador.info\/index.php?rest_route=%2Fwp%2Fv2%2Fmedia&parent=233655"}],"wp:term":[{"taxonomy":"category","embeddable":true,"href":"https:\/\/elluchador.info\/index.php?rest_route=%2Fwp%2Fv2%2Fcategories&post=233655"},{"taxonomy":"post_tag","embeddable":true,"href":"https:\/\/elluchador.info\/index.php?rest_route=%2Fwp%2Fv2%2Ftags&post=233655"}],"curies":[{"name":"wp","href":"https:\/\/api.w.org\/{rel}","templated":true}]}}