{"id":233671,"date":"2022-12-16T15:08:35","date_gmt":"2022-12-16T19:08:35","guid":{"rendered":"https:\/\/elluchador.info\/web\/?p=233671"},"modified":"2022-12-16T15:08:35","modified_gmt":"2022-12-16T19:08:35","slug":"sergio-busquets-se-retira-de-la-seleccion-espanola","status":"publish","type":"post","link":"https:\/\/elluchador.info\/?p=233671","title":{"rendered":"Sergio Busquets se retira de la selecci\u00f3n espa\u00f1ola"},"content":{"rendered":"<p>El centrocampista Sergio Busquets, de 34 a\u00f1os, anunci\u00f3 este viernes su retirada de la selecci\u00f3n espa\u00f1ola de f\u00fatbol despu\u00e9s de m\u00e1s 13 a\u00f1os en los que ha conquistado el Mundial de 2010 y la Eurocopa en 2012.<\/p>\n<p>El barcelonista, capit\u00e1n de \u2018La Roja\u2019 en el Mundial de Catar, se retira despu\u00e9s de disputar 143 partidos oficiales.<\/p>\n<p>Debut\u00f3 con la selecci\u00f3n absoluta el 1 de abril de 2009, en un partido de clasificaci\u00f3n mundialista ante Turqu\u00eda, aunque dos meses antes fue convocado, aunque no lleg\u00f3 a jugar, para un amistoso ante Inglaterra.<\/p>\n<p>En un mensaje en sus redes sociales, Busquets asegura que ha llegado el momento de despedirse de la selecci\u00f3n: \u00abQuisiera agradecer a todas las personas que me han acompa\u00f1ado en este largo camino. Desde Vicente del Bosque que me dio la oportunidad de empezar, a Luis Enrique por hacerme disfrutar hasta el \u00faltimo segundo\u00bb.<\/p>\n<p>Finalmente, Busquets dese\u00f3 \u00abtoda la suerte del mundo\u00bb a sus compa\u00f1eros y al nuevo seleccionador Luis de la Fuente: \u00abAhora yo ser\u00e9 un aficionado m\u00e1s, disfrutar\u00e9 y apoyar\u00e9 incondicionalmente a nuestra selecci\u00f3n. Gracias eternas\u00bb.<\/p>\n<blockquote class=\"twitter-tweet\" data-width=\"550\" data-dnt=\"true\">\n<p lang=\"es\" dir=\"ltr\">\u2764\ufe0f \ud835\udde8\ud835\uddfb \ud835\uddfa\ud835\uddf6\ud835\ude01\ud835\uddfc \ud835\uddfe\ud835\ude02\ud835\uddf2 \ud835\ude06\ud835\uddee \ud835\uddf2\ud835\ude00 \ud835\udddf\ud835\uddd8\ud835\uddec\ud835\uddd8\ud835\udde1\ud835\uddd7\ud835\uddd4.<\/p>\n<p>\ud83e\udef6 <a href=\"https:\/\/twitter.com\/5sergiob?ref_src=twsrc%5Etfw\">@5sergiob<\/a> se despide de la <a href=\"https:\/\/twitter.com\/SEFutbol?ref_src=twsrc%5Etfw\">@SEFutbol<\/a> tras ganarlo \ud835\udde7\ud835\udde2\ud835\uddd7\ud835\udde2.<\/p>\n<p>\ud83c\udfc6 Campe\u00f3n del Mundial de 2010 y de la Eurocopa de 2012.<\/p>\n<p>\ud83d\udc55 \ud835\udfed\ud835\udff0\ud835\udfef veces internacional.<\/p>\n<p>\ud83d\ude4f \u00a1\u00a1\ud835\uddda\ud835\udde5\ud835\uddd4\ud835\uddd6\ud835\udddc\ud835\uddd4\ud835\udde6, \ud835\uddd5\ud835\udde8\ud835\udde6\ud835\udddc!!<\/p>\n<p>\ud83d\udd17 <a href=\"https:\/\/t.co\/L0JmE4cVBB\">https:\/\/t.co\/L0JmE4cVBB<\/a> <a href=\"https:\/\/t.co\/NJ4T1dcg8k\">pic.twitter.com\/NJ4T1dcg8k<\/a><\/p>\n<p>&mdash; Selecci\u00f3n Espa\u00f1ola Masculina de F\u00fatbol (@SEFutbol) <a href=\"https:\/\/twitter.com\/SEFutbol\/status\/1603722248799473664?ref_src=twsrc%5Etfw\">December 16, 2022<\/a><\/p><\/blockquote>\n<p><script async src=\"https:\/\/platform.twitter.com\/widgets.js\" charset=\"utf-8\"><\/script><\/p>\n<p><strong>UNI\u00d3N RADIO<\/strong><\/p>\n","protected":false},"excerpt":{"rendered":"<p>El centrocampista Sergio Busquets, de 34 a\u00f1os, anunci\u00f3 este viernes su retirada de la selecci\u00f3n espa\u00f1ola de f\u00fatbol despu\u00e9s de m\u00e1s 13 a\u00f1os en los que ha conquistado el Mundial de 2010 y la Eurocopa en 2012. El barcelonista, capit\u00e1n de \u2018La Roja\u2019 en el Mundial de Catar, se retira despu\u00e9s de disputar 143 partidos [&hellip;]<\/p>\n","protected":false},"author":33,"featured_media":233672,"comment_status":"closed","ping_status":"closed","sticky":false,"template":"","format":"standard","meta":{"footnotes":""},"categories":[1,5],"tags":[],"class_list":{"0":"post-233671","1":"post","2":"type-post","3":"status-publish","4":"format-standard","5":"has-post-thumbnail","7":"category-deporte","8":"category-destacado"},"_links":{"self":[{"href":"https:\/\/elluchador.info\/index.php?rest_route=\/wp\/v2\/posts\/233671","targetHints":{"allow":["GET"]}}],"collection":[{"href":"https:\/\/elluchador.info\/index.php?rest_route=\/wp\/v2\/posts"}],"about":[{"href":"https:\/\/elluchador.info\/index.php?rest_route=\/wp\/v2\/types\/post"}],"author":[{"embeddable":true,"href":"https:\/\/elluchador.info\/index.php?rest_route=\/wp\/v2\/users\/33"}],"replies":[{"embeddable":true,"href":"https:\/\/elluchador.info\/index.php?rest_route=%2Fwp%2Fv2%2Fcomments&post=233671"}],"version-history":[{"count":1,"href":"https:\/\/elluchador.info\/index.php?rest_route=\/wp\/v2\/posts\/233671\/revisions"}],"predecessor-version":[{"id":233673,"href":"https:\/\/elluchador.info\/index.php?rest_route=\/wp\/v2\/posts\/233671\/revisions\/233673"}],"wp:featuredmedia":[{"embeddable":true,"href":"https:\/\/elluchador.info\/index.php?rest_route=\/wp\/v2\/media\/233672"}],"wp:attachment":[{"href":"https:\/\/elluchador.info\/index.php?rest_route=%2Fwp%2Fv2%2Fmedia&parent=233671"}],"wp:term":[{"taxonomy":"category","embeddable":true,"href":"https:\/\/elluchador.info\/index.php?rest_route=%2Fwp%2Fv2%2Fcategories&post=233671"},{"taxonomy":"post_tag","embeddable":true,"href":"https:\/\/elluchador.info\/index.php?rest_route=%2Fwp%2Fv2%2Ftags&post=233671"}],"curies":[{"name":"wp","href":"https:\/\/api.w.org\/{rel}","templated":true}]}}