{"id":233680,"date":"2022-12-16T16:32:30","date_gmt":"2022-12-16T20:32:30","guid":{"rendered":"https:\/\/elluchador.info\/web\/?p=233680"},"modified":"2022-12-16T16:32:30","modified_gmt":"2022-12-16T20:32:30","slug":"an-autoriza-credito-adicional-por-mas-de-43-mil-millones-de-bolivares","status":"publish","type":"post","link":"https:\/\/elluchador.info\/?p=233680","title":{"rendered":"AN autoriza cr\u00e9dito adicional por m\u00e1s de 43 mil millones de bol\u00edvares"},"content":{"rendered":"<p>La Asamblea Nacional (AN)\u00a0autoriz\u00f3 al Poder Ejecutivo decretar un cr\u00e9dito adicional, al presupuesto de egresos de organismos ordenadores de compromisos y pagos de la administraci\u00f3n p\u00fablica por 43 mil 533 millones 818 mil 98 bol\u00edvares con 16 c\u00e9ntimos (Bs. 43.533.818.098,16).<\/p>\n<p>En ese sentido, el integrante de la Comisi\u00f3n Permanente de Econom\u00eda, Finanzas y Desarrollo Social, diputado Fernando Bastidas indic\u00f3, que el dinero ser\u00e1 direccionado a los planes sociales y, espec\u00edficamente, a los trabajadores p\u00fablicos.<\/p>\n<h3>Cr\u00e9dito para compromisos con la salud y educaci\u00f3n<\/h3>\n<p>Del mismo modo, el parlamentario explic\u00f3 que este cr\u00e9dito tendr\u00e1 prioridad para el sector salud y de educaci\u00f3n, se rese\u00f1a en nota de prensa.<\/p>\n<p>Adem\u00e1s, el diputado se\u00f1al\u00f3 que debido a que factores externos especulativos incidieron en el poder adquisitivo del trabajador venezolano, \u00abse est\u00e1 autorizando el cr\u00e9dito adicional\u00bb.<\/p>\n<p>Cabe destacar, que el Bloque Parlamentario de la oposici\u00f3n tambi\u00e9n vot\u00f3 a favor del cr\u00e9dito adicional para el Ejecutivo Nacional.<\/p>\n","protected":false},"excerpt":{"rendered":"<p>La Asamblea Nacional (AN)\u00a0autoriz\u00f3 al Poder Ejecutivo decretar un cr\u00e9dito adicional, al presupuesto de egresos de organismos ordenadores de compromisos y pagos de la administraci\u00f3n p\u00fablica por 43 mil 533 millones 818 mil 98 bol\u00edvares con 16 c\u00e9ntimos (Bs. 43.533.818.098,16). En ese sentido, el integrante de la Comisi\u00f3n Permanente de Econom\u00eda, Finanzas y Desarrollo Social, [&hellip;]<\/p>\n","protected":false},"author":19,"featured_media":233681,"comment_status":"closed","ping_status":"closed","sticky":false,"template":"","format":"standard","meta":{"footnotes":""},"categories":[9],"tags":[],"class_list":{"0":"post-233680","1":"post","2":"type-post","3":"status-publish","4":"format-standard","5":"has-post-thumbnail","7":"category-nacionales"},"_links":{"self":[{"href":"https:\/\/elluchador.info\/index.php?rest_route=\/wp\/v2\/posts\/233680","targetHints":{"allow":["GET"]}}],"collection":[{"href":"https:\/\/elluchador.info\/index.php?rest_route=\/wp\/v2\/posts"}],"about":[{"href":"https:\/\/elluchador.info\/index.php?rest_route=\/wp\/v2\/types\/post"}],"author":[{"embeddable":true,"href":"https:\/\/elluchador.info\/index.php?rest_route=\/wp\/v2\/users\/19"}],"replies":[{"embeddable":true,"href":"https:\/\/elluchador.info\/index.php?rest_route=%2Fwp%2Fv2%2Fcomments&post=233680"}],"version-history":[{"count":1,"href":"https:\/\/elluchador.info\/index.php?rest_route=\/wp\/v2\/posts\/233680\/revisions"}],"predecessor-version":[{"id":233682,"href":"https:\/\/elluchador.info\/index.php?rest_route=\/wp\/v2\/posts\/233680\/revisions\/233682"}],"wp:featuredmedia":[{"embeddable":true,"href":"https:\/\/elluchador.info\/index.php?rest_route=\/wp\/v2\/media\/233681"}],"wp:attachment":[{"href":"https:\/\/elluchador.info\/index.php?rest_route=%2Fwp%2Fv2%2Fmedia&parent=233680"}],"wp:term":[{"taxonomy":"category","embeddable":true,"href":"https:\/\/elluchador.info\/index.php?rest_route=%2Fwp%2Fv2%2Fcategories&post=233680"},{"taxonomy":"post_tag","embeddable":true,"href":"https:\/\/elluchador.info\/index.php?rest_route=%2Fwp%2Fv2%2Ftags&post=233680"}],"curies":[{"name":"wp","href":"https:\/\/api.w.org\/{rel}","templated":true}]}}